{"id":15729,"date":"2021-02-20T12:00:29","date_gmt":"2021-02-20T11:00:29","guid":{"rendered":"https:\/\/mjlisboa.com\/entrevista-esther-mucznik-e-joshua-ruah-sobre-o-edito-de-expulsao\/"},"modified":"2021-04-07T09:44:05","modified_gmt":"2021-04-07T08:44:05","slug":"entrevista-esther-mucznik-e-joshua-ruah-sobre-o-edito-de-expulsao","status":"publish","type":"post","link":"https:\/\/mjlisboa.com\/en\/entrevista-esther-mucznik-e-joshua-ruah-sobre-o-edito-de-expulsao\/","title":{"rendered":"Entrevista Esther Mucznik e Joshua Ruah sobre o \u00c9dito de expuls\u00e3o"},"content":{"rendered":"<h4>Entrevista Esther Mucznik e Joshua Ruah sobre o \u00c9dito de expuls\u00e3o<\/h4>\n<div class=\"video-shortcode\"><iframe title=\"Entrevista Esther Mucznik e Joshua Ruah sobre o \u00c9dito de expuls\u00e3o\" width=\"1280\" height=\"720\" src=\"https:\/\/www.youtube.com\/embed\/TkG7_qKjhS8?feature=oembed\" frameborder=\"0\" allow=\"accelerometer; autoplay; clipboard-write; encrypted-media; gyroscope; picture-in-picture\" allowfullscreen><\/iframe><\/div>\n","protected":false},"excerpt":{"rendered":"<p>Veja o v\u00eddeo aqui<\/p>\n","protected":false},"author":8,"featured_media":15534,"comment_status":"closed","ping_status":"closed","sticky":false,"template":"","format":"standard","meta":{"_coblocks_attr":"","_coblocks_dimensions":"","_coblocks_responsive_height":"","_coblocks_accordion_ie_support":"","inline_featured_image":false},"categories":[214],"tags":[],"yoast_head":"<!-- This site is optimized with the Yoast SEO plugin v16.1.1 - https:\/\/yoast.com\/wordpress\/plugins\/seo\/ -->\n<title>Entrevista Esther Mucznik e Joshua Ruah sobre o \u00c9dito de expuls\u00e3o | Tikva Museu Judaico Lisboa<\/title>\n<link rel=\"canonical\" href=\"https:\/\/mjlisboa.com\/en\/entrevista-esther-mucznik-e-joshua-ruah-sobre-o-edito-de-expulsao\/\" \/>\n<meta property=\"og:locale\" content=\"en_US\" \/>\n<meta property=\"og:type\" content=\"article\" \/>\n<meta property=\"og:title\" content=\"Entrevista Esther Mucznik e Joshua Ruah sobre o \u00c9dito de expuls\u00e3o | Tikva Museu Judaico Lisboa\" \/>\n<meta property=\"og:description\" content=\"Veja o v\u00eddeo aqui\" \/>\n<meta property=\"og:url\" content=\"https:\/\/mjlisboa.com\/en\/entrevista-esther-mucznik-e-joshua-ruah-sobre-o-edito-de-expulsao\/\" \/>\n<meta property=\"og:site_name\" content=\"Tikva Museu Judaico Lisboa\" \/>\n<meta property=\"article:published_time\" content=\"2021-02-20T11:00:29+00:00\" \/>\n<meta property=\"article:modified_time\" content=\"2021-04-07T08:44:05+00:00\" \/>\n<meta property=\"og:image\" content=\"https:\/\/mjlisboa.com\/wp-content\/uploads\/Tikva-Videos-2021-3.jpg\" \/>\n\t<meta property=\"og:image:width\" content=\"900\" \/>\n\t<meta property=\"og:image:height\" content=\"500\" \/>\n<meta name=\"twitter:card\" content=\"summary_large_image\" \/>\n<script type=\"application\/ld+json\" class=\"yoast-schema-graph\">{\"@context\":\"https:\/\/schema.org\",\"@graph\":[{\"@type\":\"WebSite\",\"@id\":\"https:\/\/mjlisboa.com\/#website\",\"url\":\"https:\/\/mjlisboa.com\/\",\"name\":\"Tikva Museu Judaico Lisboa\",\"description\":\"Jewish Museum of Lisbon\",\"potentialAction\":[{\"@type\":\"SearchAction\",\"target\":\"https:\/\/mjlisboa.com\/?s={search_term_string}\",\"query-input\":\"required name=search_term_string\"}],\"inLanguage\":\"en-US\"},{\"@type\":\"ImageObject\",\"@id\":\"https:\/\/mjlisboa.com\/en\/entrevista-esther-mucznik-e-joshua-ruah-sobre-o-edito-de-expulsao\/#primaryimage\",\"inLanguage\":\"en-US\",\"url\":\"https:\/\/mjlisboa.com\/wp-content\/uploads\/Tikva-Videos-2021-3.jpg\",\"contentUrl\":\"https:\/\/mjlisboa.com\/wp-content\/uploads\/Tikva-Videos-2021-3.jpg\",\"width\":900,\"height\":500},{\"@type\":\"WebPage\",\"@id\":\"https:\/\/mjlisboa.com\/en\/entrevista-esther-mucznik-e-joshua-ruah-sobre-o-edito-de-expulsao\/#webpage\",\"url\":\"https:\/\/mjlisboa.com\/en\/entrevista-esther-mucznik-e-joshua-ruah-sobre-o-edito-de-expulsao\/\",\"name\":\"Entrevista Esther Mucznik e Joshua Ruah sobre o \\u00c9dito de expuls\\u00e3o | Tikva Museu Judaico Lisboa\",\"isPartOf\":{\"@id\":\"https:\/\/mjlisboa.com\/#website\"},\"primaryImageOfPage\":{\"@id\":\"https:\/\/mjlisboa.com\/en\/entrevista-esther-mucznik-e-joshua-ruah-sobre-o-edito-de-expulsao\/#primaryimage\"},\"datePublished\":\"2021-02-20T11:00:29+00:00\",\"dateModified\":\"2021-04-07T08:44:05+00:00\",\"author\":{\"@id\":\"https:\/\/mjlisboa.com\/#\/schema\/person\/9fa86ca433e66bf106e8f7c0ec93c8b6\"},\"breadcrumb\":{\"@id\":\"https:\/\/mjlisboa.com\/en\/entrevista-esther-mucznik-e-joshua-ruah-sobre-o-edito-de-expulsao\/#breadcrumb\"},\"inLanguage\":\"en-US\",\"potentialAction\":[{\"@type\":\"ReadAction\",\"target\":[\"https:\/\/mjlisboa.com\/en\/entrevista-esther-mucznik-e-joshua-ruah-sobre-o-edito-de-expulsao\/\"]}]},{\"@type\":\"BreadcrumbList\",\"@id\":\"https:\/\/mjlisboa.com\/en\/entrevista-esther-mucznik-e-joshua-ruah-sobre-o-edito-de-expulsao\/#breadcrumb\",\"itemListElement\":[{\"@type\":\"ListItem\",\"position\":1,\"item\":{\"@type\":\"WebPage\",\"@id\":\"https:\/\/mjlisboa.com\/\",\"url\":\"https:\/\/mjlisboa.com\/\",\"name\":\"Home\"}},{\"@type\":\"ListItem\",\"position\":2,\"item\":{\"@type\":\"WebPage\",\"@id\":\"https:\/\/mjlisboa.com\/en\/entrevista-esther-mucznik-e-joshua-ruah-sobre-o-edito-de-expulsao\/\",\"url\":\"https:\/\/mjlisboa.com\/en\/entrevista-esther-mucznik-e-joshua-ruah-sobre-o-edito-de-expulsao\/\",\"name\":\"Entrevista Esther Mucznik e Joshua Ruah sobre o \\u00c9dito de expuls\\u00e3o\"}}]},{\"@type\":\"Person\",\"@id\":\"https:\/\/mjlisboa.com\/#\/schema\/person\/9fa86ca433e66bf106e8f7c0ec93c8b6\",\"name\":\"Atelier Kahn\",\"image\":{\"@type\":\"ImageObject\",\"@id\":\"https:\/\/mjlisboa.com\/#personlogo\",\"inLanguage\":\"en-US\",\"url\":\"https:\/\/secure.gravatar.com\/avatar\/cbbe8b74b3374cde1a8de055a505f7a1?s=96&d=mm&r=g\",\"contentUrl\":\"https:\/\/secure.gravatar.com\/avatar\/cbbe8b74b3374cde1a8de055a505f7a1?s=96&d=mm&r=g\",\"caption\":\"Atelier Kahn\"}}]}<\/script>\n<!-- \/ Yoast SEO plugin. -->","_links":{"self":[{"href":"https:\/\/mjlisboa.com\/en\/wp-json\/wp\/v2\/posts\/15729"}],"collection":[{"href":"https:\/\/mjlisboa.com\/en\/wp-json\/wp\/v2\/posts"}],"about":[{"href":"https:\/\/mjlisboa.com\/en\/wp-json\/wp\/v2\/types\/post"}],"author":[{"embeddable":true,"href":"https:\/\/mjlisboa.com\/en\/wp-json\/wp\/v2\/users\/8"}],"replies":[{"embeddable":true,"href":"https:\/\/mjlisboa.com\/en\/wp-json\/wp\/v2\/comments?post=15729"}],"version-history":[{"count":0,"href":"https:\/\/mjlisboa.com\/en\/wp-json\/wp\/v2\/posts\/15729\/revisions"}],"wp:featuredmedia":[{"embeddable":true,"href":"https:\/\/mjlisboa.com\/en\/wp-json\/wp\/v2\/media\/15534"}],"wp:attachment":[{"href":"https:\/\/mjlisboa.com\/en\/wp-json\/wp\/v2\/media?parent=15729"}],"wp:term":[{"taxonomy":"category","embeddable":true,"href":"https:\/\/mjlisboa.com\/en\/wp-json\/wp\/v2\/categories?post=15729"},{"taxonomy":"post_tag","embeddable":true,"href":"https:\/\/mjlisboa.com\/en\/wp-json\/wp\/v2\/tags?post=15729"}],"curies":[{"name":"wp","href":"https:\/\/api.w.org\/{rel}","templated":true}]}}