{"id":15731,"date":"2020-12-22T20:58:14","date_gmt":"2020-12-22T19:58:14","guid":{"rendered":"https:\/\/mjlisboa.com\/camara-de-lisboa-aprova-construcao-de-museu-judaico-em-belem\/"},"modified":"2021-03-31T00:04:36","modified_gmt":"2021-03-30T23:04:36","slug":"camara-de-lisboa-aprova-construcao-de-museu-judaico-em-belem","status":"publish","type":"post","link":"https:\/\/mjlisboa.com\/en\/camara-de-lisboa-aprova-construcao-de-museu-judaico-em-belem\/","title":{"rendered":"C\u00e2mara de Lisboa aprova constru\u00e7\u00e3o de Museu Judaico em Bel\u00e9m"},"content":{"rendered":"<div class=\"fusion-fullwidth fullwidth-box fusion-builder-row-1 fusion-flex-container nonhundred-percent-fullwidth non-hundred-percent-height-scrolling\" style=\"background-color: rgba(255,255,255,0);background-position: center center;background-repeat: no-repeat;border-width: 0px 0px 0px 0px;border-color:#eae9e9;border-style:solid;\" ><div class=\"fusion-builder-row fusion-row fusion-flex-align-items-flex-start fusion-flex-justify-content-center\" style=\"max-width:calc( 1280px + 40px );margin-left: calc(-40px \/ 2 );margin-right: calc(-40px \/ 2 );\"><div class=\"fusion-layout-column fusion_builder_column fusion-builder-column-0 fusion_builder_column_3_5 3_5 fusion-flex-column\"><div class=\"fusion-column-wrapper fusion-flex-justify-content-flex-start fusion-content-layout-column\" style=\"background-position:left top;background-repeat:no-repeat;-webkit-background-size:cover;-moz-background-size:cover;-o-background-size:cover;background-size:cover;background-color:rgba(0,0,0,0);padding: 0px 0px 0px 0px;\"><div class=\"fusion-text fusion-text-1\" style=\"font-size:16px;letter-spacing:2px;color:#000000;font-family:&quot;Montserrat&quot;;font-weight:600;\"><p>2020-12-22<br \/>\nOBSERVADOR<\/p>\n<\/div><div class=\"fusion-separator fusion-full-width-sep\" style=\"align-self: center;margin-left: auto;margin-right: auto;margin-top:15px;width:100%;\"><\/div><style type=\"text\/css\">@media only screen and (max-width:1200px) {.fusion-title.fusion-title-1{margin-top:0px!important; margin-right:0px!important;margin-bottom:0px!important;margin-left:0px!important;}}@media only screen and (max-width:640px) {.fusion-title.fusion-title-1{margin-top:0px!important; margin-right:0px!important;margin-bottom:0px!important; margin-left:0px!important;}}<\/style><div class=\"fusion-title title fusion-title-1 fusion-sep-none fusion-title-text fusion-title-size-two\" style=\"font-size:36px;margin-top:0px;margin-right:0px;margin-bottom:0px;margin-left:0px;\"><h2 class=\"title-heading-left\" style=\"margin:0;font-size:1em;line-height:1.2;\">C\u00e2mara de Lisboa aprova constru\u00e7\u00e3o de Museu Judaico em\u00a0Bel\u00e9m<\/h2><\/div><div class=\"fusion-separator fusion-full-width-sep\" style=\"align-self: center;margin-left: auto;margin-right: auto;margin-top:5px;width:100%;\"><\/div><div class=\"fusion-text fusion-text-2\" style=\"font-size:20px;line-height:1.4;\"><p>A C\u00e2mara de Lisboa aprovou esta segunda-feira a constru\u00e7\u00e3o do Museu Judaico em Bel\u00e9m, e consequente revoga\u00e7\u00e3o da instala\u00e7\u00e3o do equipamento em Alfama, localiza\u00e7\u00e3o que tinha sido alvo de contesta\u00e7\u00e3o dos moradores.<\/p>\n<p>A proposta de revoga\u00e7\u00e3o do direito de superf\u00edcie a favor da Associa\u00e7\u00e3o de Turismo de Lisboa sobre os pr\u00e9dios para onde estava prevista a constru\u00e7\u00e3o do Museu Judaico em Alfama foi aprovada por unanimidade na reuni\u00e3o do executivo camar\u00e1rio realizada esta manh\u00e3.<\/p>\n<p>J\u00e1 as propostas relativas ao processo de constru\u00e7\u00e3o do equipamento em Bel\u00e9m tiveram o voto favor\u00e1vel de PS, PSD, CDS-PP e PCP e a absten\u00e7\u00e3o do BE.<\/p>\n<p>De acordo com uma proposta subscrita pela vereadora da Cultura, Catarina Vaz Pinto, dada a contesta\u00e7\u00e3o dos moradores de Alfama e o processo judicial em curso, a autarquia decidiu desenvolver \u201ctodos os esfor\u00e7os com vista \u00e0 identifica\u00e7\u00e3o de solu\u00e7\u00f5es alternativas que permitissem\u201d a viabiliza\u00e7\u00e3o do Museu Judaico.<\/p>\n<p>&#8220;Neste \u00e2mbito, e na sequ\u00eancia do di\u00e1logo promovido entre as partes, foi poss\u00edvel identificar um local alternativo para a constru\u00e7\u00e3o do Museu Judaico de Lisboa \u2013 sito na freguesia de Bel\u00e9m, entre a Avenida da \u00cdndia e a Rua das Hortas \u2013 que permitir\u00e1 conceber e realizar um projeto com caracter\u00edsticas e condi\u00e7\u00f5es \u00fanicas para o efeito\u201d, l\u00ea-se no documento, que visava revogar o protocolo celebrado em 2016 entre a c\u00e2mara, a Comunidade Israelita de Lisboa e a Associa\u00e7\u00e3o de Turismo de Lisboa (ATL).<\/p>\n<p>O munic\u00edpio prop\u00f5e agora \u201cum novo modelo para a cria\u00e7\u00e3o, implementa\u00e7\u00e3o e funcionamento do Museu Judaico, atrav\u00e9s de uma entidade especificamente criada para o efeito, a Associa\u00e7\u00e3o Hagad\u00e1\u201d. A C\u00e2mara de Lisboa, presidida por Fernando Medina (PS), salienta na proposta o \u201ccontributo da comunidade judaica para a forma\u00e7\u00e3o hist\u00f3rica da cidade\u201d, defendendo a \u201cnecessidade de preserva\u00e7\u00e3o e divulga\u00e7\u00e3o de um patrim\u00f3nio atualmente disperso, desconhecido e em grande parte n\u00e3o identificado\u201d.<\/p>\n<p>\u201cLisboa, onde o passado judaico assumiu uma enorme relev\u00e2ncia, \u00e9 das poucas capitais onde ainda n\u00e3o existe um equipamento dedicado, exclusivamente, \u00e0 salvaguarda e divulga\u00e7\u00e3o dessa importante heran\u00e7a cultural\u201d, \u00e9 sublinhado.<\/p>\n<p>Em maio do ano passado, a Associa\u00e7\u00e3o do Patrim\u00f3nio e da Popula\u00e7\u00e3o de Alfama (APPA) anunciou que interp\u00f4s uma a\u00e7\u00e3o judicial principal para que fosse constru\u00edda habita\u00e7\u00e3o no largo de S\u00e3o Miguel em vez do museu. Na altura, o ent\u00e3o vereador do Urbanismo, Manuel Salgado (PS), disse que a c\u00e2mara estaria a preparar a contesta\u00e7\u00e3o e que at\u00e9 o processo estar resolvido n\u00e3o pode ser feito \u201crigorosamente nada\u201d no local.<\/p>\n<p>Em outubro de 2017, a APPA apresentou uma provid\u00eancia cautelar que, em janeiro de 2018, obteve decis\u00e3o desfavor\u00e1vel do Tribunal Administrativo do C\u00edrculo de Lisboa. Ap\u00f3s recurso, um ac\u00f3rd\u00e3o do Tribunal Central Administrativo Sul deu raz\u00e3o \u00e0 APPA.<\/p>\n<p>Entretanto, a C\u00e2mara Municipal de Lisboa anunciou em julho de 2018 que recorreu da decis\u00e3o do tribunal, conhecida em meados de junho, que suspendeu a demoli\u00e7\u00e3o de edif\u00edcios no Largo de S\u00e3o Miguel. J\u00e1 em janeiro de 2019, o Supremo Tribunal Administrativo (STA) recusou o recurso interposto pela C\u00e2mara de Lisboa e manteve suspensa a constru\u00e7\u00e3o do Museu Judaico.<\/p>\n<p>Na reuni\u00e3o da C\u00e2mara de Lisboa desta segunda-feira deveria tamb\u00e9m ter sido apreciada uma proposta para a realiza\u00e7\u00e3o da 12.\u00aa edi\u00e7\u00e3o do Or\u00e7amento Participativo da cidade, que em 2021 ser\u00e1 dedicado aos temas da sustentabilidade e desporto, e ter\u00e1 2,5 milh\u00f5es de euros como valor global, mas a sua discuss\u00e3o foi adiada.<\/p>\n<\/div><div class=\"fusion-separator fusion-full-width-sep\" style=\"align-self: center;margin-left: auto;margin-right: auto;margin-top:15px;width:100%;\"><\/div><div class=\"fusion-text fusion-text-3\" style=\"font-size:18px;color:rgba(45,129,177,0.99);font-family:&quot;Josefin Sans&quot;;\"><p><a href=\"https:\/\/observador.pt\/2020\/12\/22\/camara-de-lisboa-aprova-construcao-de-museu-judaico-em-belem\/\" target=\"_blank\" rel=\"noopener\">&gt; Ver artigo na fonte<\/a><\/p>\n<\/div><\/div><style type=\"text\/css\">.fusion-body .fusion-builder-column-0{width:60% !important;margin-top : 0px;margin-bottom : 0px;}.fusion-builder-column-0 > .fusion-column-wrapper {padding-top : 0 !important;padding-right : 0px !important;margin-right : 0;padding-bottom : 0px !important;padding-left : 0px !important;margin-left : 0;}@media only screen and (max-width:1200px) {.fusion-body .fusion-builder-column-0{width:60% !important;order : 0;}.fusion-builder-column-0 > .fusion-column-wrapper {margin-right : 0;margin-left : 0;}}@media only screen and (max-width:640px) {.fusion-body .fusion-builder-column-0{width:100% !important;order : 0;}.fusion-builder-column-0 > .fusion-column-wrapper {margin-right : 20px;margin-left : 20px;}}<\/style><\/div><\/div><style type=\"text\/css\">.fusion-body .fusion-flex-container.fusion-builder-row-1{ padding-top : 21px;margin-top : 0px;padding-right : 0px;padding-bottom : 0px;margin-bottom : 0px;padding-left : 0px;}<\/style><\/div>\n","protected":false},"excerpt":{"rendered":"<p>Dada a contesta\u00e7\u00e3o dos moradores de Alfama e o processo judicial em curso, a autarquia decidiu desenvolver uma alternativa que &#8220;permitisse&#8221; a viabiliza\u00e7\u00e3o do Museu Judaico.<\/p>\n","protected":false},"author":8,"featured_media":0,"comment_status":"closed","ping_status":"closed","sticky":false,"template":"","format":"standard","meta":{"_coblocks_attr":"","_coblocks_dimensions":"","_coblocks_responsive_height":"","_coblocks_accordion_ie_support":"","inline_featured_image":false},"categories":[218],"tags":[219],"yoast_head":"<!-- This site is optimized with the Yoast SEO plugin v16.1.1 - https:\/\/yoast.com\/wordpress\/plugins\/seo\/ -->\n<title>C\u00e2mara de Lisboa aprova constru\u00e7\u00e3o de Museu Judaico em Bel\u00e9m | Tikva Museu Judaico Lisboa<\/title>\n<link rel=\"canonical\" href=\"https:\/\/mjlisboa.com\/en\/camara-de-lisboa-aprova-construcao-de-museu-judaico-em-belem\/\" \/>\n<meta property=\"og:locale\" content=\"en_US\" \/>\n<meta property=\"og:type\" content=\"article\" \/>\n<meta property=\"og:title\" content=\"C\u00e2mara de Lisboa aprova constru\u00e7\u00e3o de Museu Judaico em Bel\u00e9m | Tikva Museu Judaico Lisboa\" \/>\n<meta property=\"og:description\" content=\"Dada a contesta\u00e7\u00e3o dos moradores de Alfama e o processo judicial em curso, a autarquia decidiu desenvolver uma alternativa que &quot;permitisse&quot; a viabiliza\u00e7\u00e3o do Museu Judaico.\" \/>\n<meta property=\"og:url\" content=\"https:\/\/mjlisboa.com\/en\/camara-de-lisboa-aprova-construcao-de-museu-judaico-em-belem\/\" \/>\n<meta property=\"og:site_name\" content=\"Tikva Museu Judaico Lisboa\" \/>\n<meta property=\"article:published_time\" content=\"2020-12-22T19:58:14+00:00\" \/>\n<meta property=\"article:modified_time\" content=\"2021-03-30T23:04:36+00:00\" \/>\n<meta name=\"twitter:card\" content=\"summary_large_image\" \/>\n<meta name=\"twitter:label1\" content=\"Est. reading time\">\n\t<meta name=\"twitter:data1\" content=\"7 minutes\">\n<script type=\"application\/ld+json\" class=\"yoast-schema-graph\">{\"@context\":\"https:\/\/schema.org\",\"@graph\":[{\"@type\":\"WebSite\",\"@id\":\"https:\/\/mjlisboa.com\/#website\",\"url\":\"https:\/\/mjlisboa.com\/\",\"name\":\"Tikva Museu Judaico Lisboa\",\"description\":\"Jewish Museum of Lisbon\",\"potentialAction\":[{\"@type\":\"SearchAction\",\"target\":\"https:\/\/mjlisboa.com\/?s={search_term_string}\",\"query-input\":\"required name=search_term_string\"}],\"inLanguage\":\"en-US\"},{\"@type\":\"WebPage\",\"@id\":\"https:\/\/mjlisboa.com\/en\/camara-de-lisboa-aprova-construcao-de-museu-judaico-em-belem\/#webpage\",\"url\":\"https:\/\/mjlisboa.com\/en\/camara-de-lisboa-aprova-construcao-de-museu-judaico-em-belem\/\",\"name\":\"C\\u00e2mara de Lisboa aprova constru\\u00e7\\u00e3o de Museu Judaico em Bel\\u00e9m | Tikva Museu Judaico Lisboa\",\"isPartOf\":{\"@id\":\"https:\/\/mjlisboa.com\/#website\"},\"datePublished\":\"2020-12-22T19:58:14+00:00\",\"dateModified\":\"2021-03-30T23:04:36+00:00\",\"author\":{\"@id\":\"https:\/\/mjlisboa.com\/#\/schema\/person\/9fa86ca433e66bf106e8f7c0ec93c8b6\"},\"breadcrumb\":{\"@id\":\"https:\/\/mjlisboa.com\/en\/camara-de-lisboa-aprova-construcao-de-museu-judaico-em-belem\/#breadcrumb\"},\"inLanguage\":\"en-US\",\"potentialAction\":[{\"@type\":\"ReadAction\",\"target\":[\"https:\/\/mjlisboa.com\/en\/camara-de-lisboa-aprova-construcao-de-museu-judaico-em-belem\/\"]}]},{\"@type\":\"BreadcrumbList\",\"@id\":\"https:\/\/mjlisboa.com\/en\/camara-de-lisboa-aprova-construcao-de-museu-judaico-em-belem\/#breadcrumb\",\"itemListElement\":[{\"@type\":\"ListItem\",\"position\":1,\"item\":{\"@type\":\"WebPage\",\"@id\":\"https:\/\/mjlisboa.com\/\",\"url\":\"https:\/\/mjlisboa.com\/\",\"name\":\"Home\"}},{\"@type\":\"ListItem\",\"position\":2,\"item\":{\"@type\":\"WebPage\",\"@id\":\"https:\/\/mjlisboa.com\/en\/camara-de-lisboa-aprova-construcao-de-museu-judaico-em-belem\/\",\"url\":\"https:\/\/mjlisboa.com\/en\/camara-de-lisboa-aprova-construcao-de-museu-judaico-em-belem\/\",\"name\":\"C\\u00e2mara de Lisboa aprova constru\\u00e7\\u00e3o de Museu Judaico em Bel\\u00e9m\"}}]},{\"@type\":\"Person\",\"@id\":\"https:\/\/mjlisboa.com\/#\/schema\/person\/9fa86ca433e66bf106e8f7c0ec93c8b6\",\"name\":\"Atelier Kahn\",\"image\":{\"@type\":\"ImageObject\",\"@id\":\"https:\/\/mjlisboa.com\/#personlogo\",\"inLanguage\":\"en-US\",\"url\":\"https:\/\/secure.gravatar.com\/avatar\/cbbe8b74b3374cde1a8de055a505f7a1?s=96&d=mm&r=g\",\"contentUrl\":\"https:\/\/secure.gravatar.com\/avatar\/cbbe8b74b3374cde1a8de055a505f7a1?s=96&d=mm&r=g\",\"caption\":\"Atelier Kahn\"}}]}<\/script>\n<!-- \/ Yoast SEO plugin. -->","_links":{"self":[{"href":"https:\/\/mjlisboa.com\/en\/wp-json\/wp\/v2\/posts\/15731"}],"collection":[{"href":"https:\/\/mjlisboa.com\/en\/wp-json\/wp\/v2\/posts"}],"about":[{"href":"https:\/\/mjlisboa.com\/en\/wp-json\/wp\/v2\/types\/post"}],"author":[{"embeddable":true,"href":"https:\/\/mjlisboa.com\/en\/wp-json\/wp\/v2\/users\/8"}],"replies":[{"embeddable":true,"href":"https:\/\/mjlisboa.com\/en\/wp-json\/wp\/v2\/comments?post=15731"}],"version-history":[{"count":0,"href":"https:\/\/mjlisboa.com\/en\/wp-json\/wp\/v2\/posts\/15731\/revisions"}],"wp:attachment":[{"href":"https:\/\/mjlisboa.com\/en\/wp-json\/wp\/v2\/media?parent=15731"}],"wp:term":[{"taxonomy":"category","embeddable":true,"href":"https:\/\/mjlisboa.com\/en\/wp-json\/wp\/v2\/categories?post=15731"},{"taxonomy":"post_tag","embeddable":true,"href":"https:\/\/mjlisboa.com\/en\/wp-json\/wp\/v2\/tags?post=15731"}],"curies":[{"name":"wp","href":"https:\/\/api.w.org\/{rel}","templated":true}]}}