{"id":15735,"date":"2020-12-20T20:59:26","date_gmt":"2020-12-20T19:59:26","guid":{"rendered":"https:\/\/mjlisboa.com\/autor-do-museu-judaico-de-berlim-tambem-vai-desenhar-o-de-lisboa\/"},"modified":"2021-03-31T00:02:58","modified_gmt":"2021-03-30T23:02:58","slug":"autor-do-museu-judaico-de-berlim-tambem-vai-desenhar-o-de-lisboa","status":"publish","type":"post","link":"https:\/\/mjlisboa.com\/en\/autor-do-museu-judaico-de-berlim-tambem-vai-desenhar-o-de-lisboa\/","title":{"rendered":"Autor do Museu Judaico de Berlim tamb\u00e9m vai desenhar o de Lisboa"},"content":{"rendered":"<div class=\"fusion-fullwidth fullwidth-box fusion-builder-row-1 fusion-flex-container nonhundred-percent-fullwidth non-hundred-percent-height-scrolling\" style=\"background-color: rgba(255,255,255,0);background-position: center center;background-repeat: no-repeat;border-width: 0px 0px 0px 0px;border-color:#eae9e9;border-style:solid;\" ><div class=\"fusion-builder-row fusion-row fusion-flex-align-items-flex-start fusion-flex-justify-content-center\" style=\"max-width:calc( 1280px + 40px );margin-left: calc(-40px \/ 2 );margin-right: calc(-40px \/ 2 );\"><div class=\"fusion-layout-column fusion_builder_column fusion-builder-column-0 fusion_builder_column_3_5 3_5 fusion-flex-column\"><div class=\"fusion-column-wrapper fusion-flex-justify-content-flex-start fusion-content-layout-column\" style=\"background-position:left top;background-repeat:no-repeat;-webkit-background-size:cover;-moz-background-size:cover;-o-background-size:cover;background-size:cover;background-color:rgba(0,0,0,0);padding: 0px 0px 0px 0px;\"><div class=\"fusion-text fusion-text-1\" style=\"font-size:16px;letter-spacing:2px;color:#000000;font-family:&quot;Montserrat&quot;;font-weight:600;\"><p>2020-12-20<br \/>\nNIT<\/p>\n<\/div><div class=\"fusion-separator fusion-full-width-sep\" style=\"align-self: center;margin-left: auto;margin-right: auto;margin-top:15px;width:100%;\"><\/div><style type=\"text\/css\">@media only screen and (max-width:1200px) {.fusion-title.fusion-title-1{margin-top:0px!important; margin-right:0px!important;margin-bottom:0px!important;margin-left:0px!important;}}@media only screen and (max-width:640px) {.fusion-title.fusion-title-1{margin-top:0px!important; margin-right:0px!important;margin-bottom:0px!important; margin-left:0px!important;}}<\/style><div class=\"fusion-title title fusion-title-1 fusion-sep-none fusion-title-text fusion-title-size-two\" style=\"font-size:36px;margin-top:0px;margin-right:0px;margin-bottom:0px;margin-left:0px;\"><h2 class=\"title-heading-left\" style=\"margin:0;font-size:1em;line-height:1.2;\">Autor do Museu Judaico de Berlim tamb\u00e9m vai desenhar o de Lisboa<\/h2><\/div><div class=\"fusion-separator fusion-full-width-sep\" style=\"align-self: center;margin-left: auto;margin-right: auto;margin-top:5px;width:100%;\"><\/div><div class=\"fusion-text fusion-text-2\" style=\"font-size:20px;line-height:1.4;\"><p>O Museu Judaico de Lisboa \u00e9 uma das obras mais aguardadas da capital, por\u00e9m, nem tudo vai acontecer como estava previsto. Por exemplo, em vez de ser em Alfama, o espa\u00e7o vai ser constru\u00eddo num terreno em Pedrou\u00e7os, entre a Avenida da \u00cdndia e a Rua das Hortas, avan\u00e7a o jornal \u201cP\u00fablico\u201d na edi\u00e7\u00e3o de sexta-feira, 18 de dezembro.<\/p>\n<p>A mesma publica\u00e7\u00e3o diz que o arquiteto respons\u00e1vel ser\u00e1 Daniel Libeskind. O polaco-americano foi o respons\u00e1vel pelos desenhos dos museus judaicos de Berlim, S\u00e3o Francisco e Copenhaga, bem como memoriais do Holocausto nos Pa\u00edses Baixos, no Canad\u00e1 e nos Estados Unidos, e a reconvers\u00e3o do Ground Zero, em Nova Iorque, nos Estados Unidos.<\/p>\n<p>Recorde-se que o museu de Lisboa foi anunciado em 2016 e devia ter aberto ao p\u00fablico no ano seguinte no Largo de S\u00e3o Miguel, que \u00e9 um local com hist\u00f3ria para a Comunidade Israelita de Lisboa. Por\u00e9m, a Associa\u00e7\u00e3o do Patrim\u00f3nio e Popula\u00e7\u00e3o de Alfama n\u00e3o concordou com a localiza\u00e7\u00e3o, nem com a arquitetura escolhida, pelo que o projeto n\u00e3o avan\u00e7ou.<\/p>\n<p>O terreno em Pedrou\u00e7os tem cerca de 4400 metros quadrados, muito mais do que o lote de Alfama, pelo que \u201co projeto ganha uma dimens\u00e3o completamente diferente e vai ter uma escala internacional muito maior\u201d, diz ao \u201cP\u00fablico\u201d Catarina Vaz Pinto, vereadora da Cultura de Lisboa.<\/p>\n<p>A C\u00e2mara Municipal de Lisboa mant\u00e9m a previs\u00e3o de que o museu custar\u00e1 11 milh\u00f5es de euros, dos quais um milh\u00e3o resulta da taxa tur\u00edstica. \u201cO montante restante ser\u00e1 angariado pela Associa\u00e7\u00e3o Hagad\u00e1\u201d, diz o jornal.<\/p>\n<\/div><div class=\"fusion-text fusion-text-3\" style=\"font-size:20px;letter-spacing:1px;font-family:&quot;Spectral SC&quot;;font-weight:500;\"><p>andreia afonso guerreiro<\/p>\n<\/div><div class=\"fusion-separator fusion-full-width-sep\" style=\"align-self: center;margin-left: auto;margin-right: auto;margin-top:15px;width:100%;\"><\/div><div class=\"fusion-text fusion-text-4\" style=\"font-size:18px;color:rgba(45,129,177,0.99);font-family:&quot;Josefin Sans&quot;;\"><p><a href=\"https:\/\/www.nit.pt\/fora-de-casa\/na-cidade\/autor-do-museu-judaico-de-berlim-vai-desenhar-tambem-o-de-lisboa\" target=\"_blank\" rel=\"noopener\">&gt; Ver artigo na fonte<\/a><\/p>\n<\/div><\/div><style type=\"text\/css\">.fusion-body .fusion-builder-column-0{width:60% !important;margin-top : 0px;margin-bottom : 0px;}.fusion-builder-column-0 > .fusion-column-wrapper {padding-top : 0 !important;padding-right : 0px !important;margin-right : 0;padding-bottom : 0px !important;padding-left : 0px !important;margin-left : 0;}@media only screen and (max-width:1200px) {.fusion-body .fusion-builder-column-0{width:60% !important;order : 0;}.fusion-builder-column-0 > .fusion-column-wrapper {margin-right : 0;margin-left : 0;}}@media only screen and (max-width:640px) {.fusion-body .fusion-builder-column-0{width:100% !important;order : 0;}.fusion-builder-column-0 > .fusion-column-wrapper {margin-right : 20px;margin-left : 20px;}}<\/style><\/div><\/div><style type=\"text\/css\">.fusion-body .fusion-flex-container.fusion-builder-row-1{ padding-top : 21px;margin-top : 0px;padding-right : 0px;padding-bottom : 0px;margin-bottom : 0px;padding-left : 0px;}<\/style><\/div>\n","protected":false},"excerpt":{"rendered":"<p>Daniel Libeskind ser\u00e1 o respons\u00e1vel pelo projeto portugu\u00eas que, afinal, n\u00e3o vai ser em Alfama.<\/p>\n","protected":false},"author":8,"featured_media":0,"comment_status":"closed","ping_status":"closed","sticky":false,"template":"","format":"standard","meta":{"_coblocks_attr":"","_coblocks_dimensions":"","_coblocks_responsive_height":"","_coblocks_accordion_ie_support":"","inline_featured_image":false},"categories":[218],"tags":[221],"yoast_head":"<!-- This site is optimized with the Yoast SEO plugin v16.1.1 - https:\/\/yoast.com\/wordpress\/plugins\/seo\/ -->\n<title>Autor do Museu Judaico de Berlim tamb\u00e9m vai desenhar o de Lisboa | Tikva Museu Judaico Lisboa<\/title>\n<link rel=\"canonical\" href=\"https:\/\/mjlisboa.com\/en\/autor-do-museu-judaico-de-berlim-tambem-vai-desenhar-o-de-lisboa\/\" \/>\n<meta property=\"og:locale\" content=\"en_US\" \/>\n<meta property=\"og:type\" content=\"article\" \/>\n<meta property=\"og:title\" content=\"Autor do Museu Judaico de Berlim tamb\u00e9m vai desenhar o de Lisboa | Tikva Museu Judaico Lisboa\" \/>\n<meta property=\"og:description\" content=\"Daniel Libeskind ser\u00e1 o respons\u00e1vel pelo projeto portugu\u00eas que, afinal, n\u00e3o vai ser em Alfama.\" \/>\n<meta property=\"og:url\" content=\"https:\/\/mjlisboa.com\/en\/autor-do-museu-judaico-de-berlim-tambem-vai-desenhar-o-de-lisboa\/\" \/>\n<meta property=\"og:site_name\" content=\"Tikva Museu Judaico Lisboa\" \/>\n<meta property=\"article:published_time\" content=\"2020-12-20T19:59:26+00:00\" \/>\n<meta property=\"article:modified_time\" content=\"2021-03-30T23:02:58+00:00\" \/>\n<meta name=\"twitter:card\" content=\"summary_large_image\" \/>\n<meta name=\"twitter:label1\" content=\"Est. reading time\">\n\t<meta name=\"twitter:data1\" content=\"6 minutes\">\n<script type=\"application\/ld+json\" class=\"yoast-schema-graph\">{\"@context\":\"https:\/\/schema.org\",\"@graph\":[{\"@type\":\"WebSite\",\"@id\":\"https:\/\/mjlisboa.com\/#website\",\"url\":\"https:\/\/mjlisboa.com\/\",\"name\":\"Tikva Museu Judaico Lisboa\",\"description\":\"Jewish Museum of Lisbon\",\"potentialAction\":[{\"@type\":\"SearchAction\",\"target\":\"https:\/\/mjlisboa.com\/?s={search_term_string}\",\"query-input\":\"required name=search_term_string\"}],\"inLanguage\":\"en-US\"},{\"@type\":\"WebPage\",\"@id\":\"https:\/\/mjlisboa.com\/en\/autor-do-museu-judaico-de-berlim-tambem-vai-desenhar-o-de-lisboa\/#webpage\",\"url\":\"https:\/\/mjlisboa.com\/en\/autor-do-museu-judaico-de-berlim-tambem-vai-desenhar-o-de-lisboa\/\",\"name\":\"Autor do Museu Judaico de Berlim tamb\\u00e9m vai desenhar o de Lisboa | Tikva Museu Judaico Lisboa\",\"isPartOf\":{\"@id\":\"https:\/\/mjlisboa.com\/#website\"},\"datePublished\":\"2020-12-20T19:59:26+00:00\",\"dateModified\":\"2021-03-30T23:02:58+00:00\",\"author\":{\"@id\":\"https:\/\/mjlisboa.com\/#\/schema\/person\/9fa86ca433e66bf106e8f7c0ec93c8b6\"},\"breadcrumb\":{\"@id\":\"https:\/\/mjlisboa.com\/en\/autor-do-museu-judaico-de-berlim-tambem-vai-desenhar-o-de-lisboa\/#breadcrumb\"},\"inLanguage\":\"en-US\",\"potentialAction\":[{\"@type\":\"ReadAction\",\"target\":[\"https:\/\/mjlisboa.com\/en\/autor-do-museu-judaico-de-berlim-tambem-vai-desenhar-o-de-lisboa\/\"]}]},{\"@type\":\"BreadcrumbList\",\"@id\":\"https:\/\/mjlisboa.com\/en\/autor-do-museu-judaico-de-berlim-tambem-vai-desenhar-o-de-lisboa\/#breadcrumb\",\"itemListElement\":[{\"@type\":\"ListItem\",\"position\":1,\"item\":{\"@type\":\"WebPage\",\"@id\":\"https:\/\/mjlisboa.com\/\",\"url\":\"https:\/\/mjlisboa.com\/\",\"name\":\"Home\"}},{\"@type\":\"ListItem\",\"position\":2,\"item\":{\"@type\":\"WebPage\",\"@id\":\"https:\/\/mjlisboa.com\/en\/autor-do-museu-judaico-de-berlim-tambem-vai-desenhar-o-de-lisboa\/\",\"url\":\"https:\/\/mjlisboa.com\/en\/autor-do-museu-judaico-de-berlim-tambem-vai-desenhar-o-de-lisboa\/\",\"name\":\"Autor do Museu Judaico de Berlim tamb\\u00e9m vai desenhar o de Lisboa\"}}]},{\"@type\":\"Person\",\"@id\":\"https:\/\/mjlisboa.com\/#\/schema\/person\/9fa86ca433e66bf106e8f7c0ec93c8b6\",\"name\":\"Atelier Kahn\",\"image\":{\"@type\":\"ImageObject\",\"@id\":\"https:\/\/mjlisboa.com\/#personlogo\",\"inLanguage\":\"en-US\",\"url\":\"https:\/\/secure.gravatar.com\/avatar\/cbbe8b74b3374cde1a8de055a505f7a1?s=96&d=mm&r=g\",\"contentUrl\":\"https:\/\/secure.gravatar.com\/avatar\/cbbe8b74b3374cde1a8de055a505f7a1?s=96&d=mm&r=g\",\"caption\":\"Atelier Kahn\"}}]}<\/script>\n<!-- \/ Yoast SEO plugin. -->","_links":{"self":[{"href":"https:\/\/mjlisboa.com\/en\/wp-json\/wp\/v2\/posts\/15735"}],"collection":[{"href":"https:\/\/mjlisboa.com\/en\/wp-json\/wp\/v2\/posts"}],"about":[{"href":"https:\/\/mjlisboa.com\/en\/wp-json\/wp\/v2\/types\/post"}],"author":[{"embeddable":true,"href":"https:\/\/mjlisboa.com\/en\/wp-json\/wp\/v2\/users\/8"}],"replies":[{"embeddable":true,"href":"https:\/\/mjlisboa.com\/en\/wp-json\/wp\/v2\/comments?post=15735"}],"version-history":[{"count":0,"href":"https:\/\/mjlisboa.com\/en\/wp-json\/wp\/v2\/posts\/15735\/revisions"}],"wp:attachment":[{"href":"https:\/\/mjlisboa.com\/en\/wp-json\/wp\/v2\/media?parent=15735"}],"wp:term":[{"taxonomy":"category","embeddable":true,"href":"https:\/\/mjlisboa.com\/en\/wp-json\/wp\/v2\/categories?post=15735"},{"taxonomy":"post_tag","embeddable":true,"href":"https:\/\/mjlisboa.com\/en\/wp-json\/wp\/v2\/tags?post=15735"}],"curies":[{"name":"wp","href":"https:\/\/api.w.org\/{rel}","templated":true}]}}