{"id":15747,"date":"2020-12-17T21:02:06","date_gmt":"2020-12-17T20:02:06","guid":{"rendered":"https:\/\/mjlisboa.com\/museu-judaico-ja-nao-fica-em-alfama-vai-para-belem\/"},"modified":"2021-03-31T00:06:41","modified_gmt":"2021-03-30T23:06:41","slug":"museu-judaico-ja-nao-fica-em-alfama-vai-para-belem","status":"publish","type":"post","link":"https:\/\/mjlisboa.com\/en\/museu-judaico-ja-nao-fica-em-alfama-vai-para-belem\/","title":{"rendered":"Museu Judaico j\u00e1 n\u00e3o fica em Alfama. Vai para Bel\u00e9m"},"content":{"rendered":"<div class=\"fusion-fullwidth fullwidth-box fusion-builder-row-1 fusion-flex-container nonhundred-percent-fullwidth non-hundred-percent-height-scrolling\" style=\"background-color: rgba(255,255,255,0);background-position: center center;background-repeat: no-repeat;border-width: 0px 0px 0px 0px;border-color:#eae9e9;border-style:solid;\" ><div class=\"fusion-builder-row fusion-row fusion-flex-align-items-flex-start fusion-flex-justify-content-center\" style=\"max-width:calc( 1280px + 40px );margin-left: calc(-40px \/ 2 );margin-right: calc(-40px \/ 2 );\"><div class=\"fusion-layout-column fusion_builder_column fusion-builder-column-0 fusion_builder_column_3_5 3_5 fusion-flex-column\"><div class=\"fusion-column-wrapper fusion-flex-justify-content-flex-start fusion-content-layout-column\" style=\"background-position:left top;background-repeat:no-repeat;-webkit-background-size:cover;-moz-background-size:cover;-o-background-size:cover;background-size:cover;background-color:rgba(0,0,0,0);padding: 0px 0px 0px 0px;\"><div class=\"fusion-text fusion-text-1\" style=\"font-size:16px;letter-spacing:2px;color:#000000;font-family:&quot;Montserrat&quot;;font-weight:600;\"><p>2020-12-17<br \/>\nDI\u00c1RIO DE NOT\u00cdCIAS<\/p>\n<\/div><div class=\"fusion-separator fusion-full-width-sep\" style=\"align-self: center;margin-left: auto;margin-right: auto;margin-top:15px;width:100%;\"><\/div><style type=\"text\/css\">@media only screen and (max-width:1200px) {.fusion-title.fusion-title-1{margin-top:0px!important; margin-right:0px!important;margin-bottom:0px!important;margin-left:0px!important;}}@media only screen and (max-width:640px) {.fusion-title.fusion-title-1{margin-top:0px!important; margin-right:0px!important;margin-bottom:0px!important; margin-left:0px!important;}}<\/style><div class=\"fusion-title title fusion-title-1 fusion-sep-none fusion-title-text fusion-title-size-two\" style=\"font-size:36px;margin-top:0px;margin-right:0px;margin-bottom:0px;margin-left:0px;\"><h2 class=\"title-heading-left\" style=\"margin:0;font-size:1em;line-height:1.2;\">Museu Judaico j\u00e1 n\u00e3o fica em Alfama. Vai para Bel\u00e9m<\/h2><\/div><div class=\"fusion-separator fusion-full-width-sep\" style=\"align-self: center;margin-left: auto;margin-right: auto;margin-top:5px;width:100%;\"><\/div><div class=\"fusion-text fusion-text-2\" style=\"font-size:20px;line-height:1.4;\"><p>A constru\u00e7\u00e3o de um Museu Judaico no Largo de S\u00e3o Miguel, em Alfama, n\u00e3o vai avan\u00e7ar. O espa\u00e7o j\u00e1 tem uma nova localiza\u00e7\u00e3o &#8211; vai ficar em Bel\u00e9m, entre a Avenida da \u00cdndia e a Rua das Hortas. Anunciado em 2016, com abertura prevista para o ano seguinte, a constru\u00e7\u00e3o do museu no cora\u00e7\u00e3o do bairro lisboeta suscitou a contesta\u00e7\u00e3o de moradores, que interpuseram uma a\u00e7\u00e3o popular com provid\u00eancia cautelar &#8211; um processo que ainda corre nos tribunais &#8211; para travar o projeto, alegando que desvirtua as caracter\u00edsticas arquitet\u00f3nicas do local.<\/p>\n<p>Com todo o processo parado, a C\u00e2mara opta agora por mudar a localiza\u00e7\u00e3o do museu. A altera\u00e7\u00e3o vai a reuni\u00e3o do executivo da C\u00e2mara de Lisboa na pr\u00f3xima segunda-feira. Da agenda constam v\u00e1rias propostas referentes a este assunto, nomeadamente a &#8220;revoga\u00e7\u00e3o do Protocolo Tripartido celebrado entre o Munic\u00edpio de Lisboa, a Comunidade Israelita de Lisboa e a Associa\u00e7\u00e3o Turismo de Lisboa (ATL), para a cria\u00e7\u00e3o e funcionamento do Museu Judaico&#8221;. Prevista est\u00e1 tamb\u00e9m a &#8220;revoga\u00e7\u00e3o do direito de superf\u00edcie constitu\u00eddo a favor da Associa\u00e7\u00e3o de Turismo de Lisboa&#8221; dos pr\u00e9dios em Alfama que deveriam dar lugar ao Museu.<\/p>\n<p>Em paralelo ser\u00e1 discutida uma outra proposta, que visa &#8220;submeter \u00e0 Assembleia Municipal a celebra\u00e7\u00e3o de contrato-promessa de constitui\u00e7\u00e3o de direito de superf\u00edcie a favor da Associa\u00e7\u00e3o Hagad\u00e1, sobre pr\u00e9dios municipais, sitos entre a Avenida da \u00cdndia e a Rua das Hortas, na Freguesia de Bel\u00e9m, para constru\u00e7\u00e3o do futuro Museu Judaico de Lisboa&#8221;.<\/p>\n<p>Nas propostas, a que o DN teve acesso, \u00e9 referido que &#8220;em virtude de vicissitudes v\u00e1rias, designadamente as decorrentes do processo judicial que se encontra ainda a correr os seus termos, encontra-se por ora vedada a possibilidade de assegurar a continuidade do processo de constru\u00e7\u00e3o do Museu Judaico de Lisboa, no Largo de S. Miguel, em Alfama&#8221;. &#8220;Perante a import\u00e2ncia que assume a concretiza\u00e7\u00e3o deste projeto, e face \u00e0 incerteza quanto \u00e0 possibilidade (e oportunidade) de construir este equipamento no local e nos moldes inicialmente concebidos, foram desenvolvidos todos os esfor\u00e7os com vista \u00e0 identifica\u00e7\u00e3o de solu\u00e7\u00f5es alternativas que permitissem a sua viabiliza\u00e7\u00e3o&#8221;, refere o documento.<\/p>\n<p>Neste contexto foi &#8220;identificado um local alternativo para a constru\u00e7\u00e3o do Museu Judaico de Lisboa &#8211; sito na freguesia de Bel\u00e9m, entre a Avenida da \u00cdndia e a Rua das Hortas &#8211; que permitir\u00e1 conceber e realizar um projeto com caracter\u00edsticas e condi\u00e7\u00f5es \u00fanicas para o efeito e conceber um novo modelo para a cria\u00e7\u00e3o, implementa\u00e7\u00e3o e funcionamento do Museu Judaico de Lisboa, atrav\u00e9s de uma entidade especificamente criada para o efeito: a Associa\u00e7\u00e3o Hagad\u00e1&#8221; &#8211; associa\u00e7\u00e3o privada sem fins lucrativos que ficar\u00e1 respons\u00e1vel pela &#8220;cria\u00e7\u00e3o, instala\u00e7\u00e3o e funcionamento&#8221; do museu judaico de Lisboa.<\/p>\n<p>Num dos documentos que vai a discuss\u00e3o \u00e9 referido que &#8220;a Comunidade Judaica aceita e v\u00ea com agrado a constru\u00e7\u00e3o do futuro Museu Judaico nesta nova localiza\u00e7\u00e3o&#8221;.<\/p>\n<p>O plano para a constru\u00e7\u00e3o do Museu foi anunciado em 2016, resultado de um acordo entre a C\u00e2mara Municipal, a Associa\u00e7\u00e3o de Turismo de Lisboa e a Comunidade Israelita de Lisboa. O projeto ent\u00e3o apresentado, da autoria da arquiteta Gra\u00e7a Bachmann, com quatro andares acima do n\u00edvel da rua, apresentava duas fachadas distintas, uma semelhante ao edificado residencial t\u00edpico do bairro, e uma segunda bastante diferenciada, em pedra lioz e com um friso em baixo relevo a desenhar a Estrela de David, que dava para o Largo e para a Rua de S\u00e3o Miguel &#8211; um local escolhido tamb\u00e9m pelo seu simbolismo, pr\u00f3ximo da antiga Judiaria de Alfama, o principal bairro de judeus da cidade. Fernando Medina, presidente da autarquia, falou ent\u00e3o num dia &#8220;hist\u00f3rico&#8221;, o princ\u00edpio do fim na concretiza\u00e7\u00e3o de uma &#8220;velha ambi\u00e7\u00e3o&#8221; da autarquia. Na altura estava previsto um investimento total de cinco milh\u00f5es de euros, suportado por fundos da taxa tur\u00edstica e por uma doa\u00e7\u00e3o da Funda\u00e7\u00e3o Lina e Patrick Drahi (fundador e presidente do grupo Altice) no valor de cerca de 1,2 milh\u00f5es de euros. O Museu ficaria localizado no espa\u00e7o at\u00e9 ent\u00e3o ocupado por tr\u00eas pr\u00e9dios camar\u00e1rios e um quarto, propriedade de um privado, que a c\u00e2mara adquiriu (cedendo os direitos de superf\u00edcie \u00e0 Associa\u00e7\u00e3o de Turismo de Lisboa&#8221;, e deveria estar conclu\u00eddo logo no ano seguinte, em 2017.<\/p>\n<\/div><div class=\"fusion-separator fusion-full-width-sep\" style=\"align-self: center;margin-left: auto;margin-right: auto;margin-top:10px;margin-bottom:10px;width:100%;\"><\/div><div class=\"fusion-text fusion-text-3\" style=\"font-size:20px;line-height:1.4;\"><p><strong>Uma ideia com duas d\u00e9cadas, um projeto que se arrasta h\u00e1 quatro anos<\/strong><\/p>\n<p>Mas a hist\u00f3ria do Museu Judaico estava mesmo no princ\u00edpio. A ideia n\u00e3o agradou nem aos moradores nem a associa\u00e7\u00f5es de defesa do patrim\u00f3nio, que argumentaram que o projeto desvirtuava as caracter\u00edsticas arquitet\u00f3nicas do Largo de S\u00e3o Miguel e n\u00e3o respeitava o Plano Diretor Municipal da cidade.<\/p>\n<p>A Associa\u00e7\u00e3o do Patrim\u00f3nio e Popula\u00e7\u00e3o de Alfama (APPA) avan\u00e7ou com uma provid\u00eancia cautelar contra a demoli\u00e7\u00e3o dos quatro edif\u00edcios e a constru\u00e7\u00e3o do Museu no largo. A provid\u00eancia come\u00e7ou por ser recusada em primeira inst\u00e2ncia, mas acabaria validada pelo Tribunal Central Administrativo do Sul e mais tarde pelo Supremo Tribunal Administrativo, que apreciou o caso na sequ\u00eancia de um recurso da autarquia. Segundo noticiou o P\u00fablico em junho de 2019, o STA concluiu que a demoli\u00e7\u00e3o dos edif\u00edcios que existiam no local n\u00e3o respeitava o Plano de Urbaniza\u00e7\u00e3o do N\u00facleo Hist\u00f3rico de Alfama e da Colina do Castelo. Na documenta\u00e7\u00e3o que vai \u00e0 reuni\u00e3o da C\u00e2mara \u00e9 referido que o reagendamento da audi\u00eancia de discuss\u00e3o e julgamento, no \u00e2mbito da A\u00e7\u00e3o Administrativa Impugnat\u00f3ria, foi &#8220;adiada sine die, por for\u00e7a dos condicionalismos impostos pela declara\u00e7\u00e3o de estado de emerg\u00eancia&#8221;.<\/p>\n<p>Nas propostas que v\u00e3o a decis\u00e3o camar\u00e1ria na pr\u00f3xima segunda-feira a autarquia refere que a &#8220;ideia da cria\u00e7\u00e3o de um Museu Judaico em Lisboa nasceu h\u00e1 cerca de duas d\u00e9cadas, como resposta a um interesse crescente por parte da sociedade e \u00e0 necessidade de recolha, preserva\u00e7\u00e3o e divulga\u00e7\u00e3o de um patrim\u00f3nio atualmente disperso, desconhecido e em grande parte n\u00e3o identificado&#8221;. &#8220;Lisboa, onde o passado judaico assumiu uma enorme relev\u00e2ncia, \u00e9 das poucas capitais onde ainda n\u00e3o existe um equipamento dedicado, exclusivamente, \u00e0 salvaguarda e divulga\u00e7\u00e3o dessa importante heran\u00e7a cultural&#8221;, aponta o documento.<\/p>\n<p>A constru\u00e7\u00e3o do Museu Judaico na freguesia de Bel\u00e9m vai implicar uma permuta de terrenos entre a Santa Casa da Miseric\u00f3rdia de Lisboa e a autarquia. Segundo \u00e9 explicado trata-se de um terreno em que a Santa Casa previa a &#8220;cria\u00e7\u00e3o de lotes destinados a habita\u00e7\u00e3o e de um equipamento privado, destinado a centro de dia e utiliza\u00e7\u00e3o coletiva&#8221;, mas que teve o licenciamento recusado nos termos em que estava previsto e condicionado a uma diminui\u00e7\u00e3o da volumetria e do edificado. O projeto dever\u00e1 agora passar para o novo terreno cedido pela c\u00e2mara, o que implicar\u00e1 a sa\u00edda daquele local do Centro de Arqueologia de Lisboa (CAL), que ser\u00e1 mudado para &#8220;instala\u00e7\u00f5es municipais sitas na Quinta do Olival e Casal dos Abrantes&#8221;. A c\u00e2mara escreve que est\u00e3o &#8220;tamb\u00e9m asseguradas as condi\u00e7\u00f5es para cessa\u00e7\u00e3o das demais ocupa\u00e7\u00f5es existentes&#8221;. O terreno que \u00e9 permutado pela Santa Casa n\u00e3o tem qualquer constru\u00e7\u00e3o.<\/p>\n<\/div><div class=\"fusion-text fusion-text-4\" style=\"font-size:20px;letter-spacing:1px;font-family:&quot;Spectral SC&quot;;font-weight:500;\"><p>susete francisco<\/p>\n<\/div><div class=\"fusion-separator fusion-full-width-sep\" style=\"align-self: center;margin-left: auto;margin-right: auto;margin-top:15px;width:100%;\"><\/div><div class=\"fusion-text fusion-text-5\" style=\"font-size:18px;color:rgba(45,129,177,0.99);font-family:&quot;Josefin Sans&quot;;\"><p><a href=\"https:\/\/www.dn.pt\/local\/museu-judaico-ja-nao-fica-em-alfama-vai-para-belem-13148233.html\" target=\"_blank\" rel=\"noopener\">&gt; Ver artigo na fonte<\/a><\/p>\n<\/div><\/div><style type=\"text\/css\">.fusion-body .fusion-builder-column-0{width:60% !important;margin-top : 0px;margin-bottom : 0px;}.fusion-builder-column-0 > .fusion-column-wrapper {padding-top : 0 !important;padding-right : 0px !important;margin-right : 0;padding-bottom : 0px !important;padding-left : 0px !important;margin-left : 0;}@media only screen and (max-width:1200px) {.fusion-body .fusion-builder-column-0{width:60% !important;order : 0;}.fusion-builder-column-0 > .fusion-column-wrapper {margin-right : 0;margin-left : 0;}}@media only screen and (max-width:640px) {.fusion-body .fusion-builder-column-0{width:100% !important;order : 0;}.fusion-builder-column-0 > .fusion-column-wrapper {margin-right : 20px;margin-left : 20px;}}<\/style><\/div><\/div><style type=\"text\/css\">.fusion-body .fusion-flex-container.fusion-builder-row-1{ padding-top : 21px;margin-top : 0px;padding-right : 0px;padding-bottom : 0px;margin-bottom : 0px;padding-left : 0px;}<\/style><\/div>\n","protected":false},"excerpt":{"rendered":"<p>C\u00e2mara recua na inten\u00e7\u00e3o de instalar o Museu Judaico em Alfama, uma localiza\u00e7\u00e3o contestada pelos moradores. Projeto lan\u00e7ado em 2016 e que acabou em tribunal volta ao in\u00edcio.<\/p>\n","protected":false},"author":8,"featured_media":0,"comment_status":"closed","ping_status":"closed","sticky":false,"template":"","format":"standard","meta":{"_coblocks_attr":"","_coblocks_dimensions":"","_coblocks_responsive_height":"","_coblocks_accordion_ie_support":"","inline_featured_image":false},"categories":[218],"tags":[223],"yoast_head":"<!-- This site is optimized with the Yoast SEO plugin v16.1.1 - https:\/\/yoast.com\/wordpress\/plugins\/seo\/ -->\n<title>Museu Judaico j\u00e1 n\u00e3o fica em Alfama. Vai para Bel\u00e9m | Tikva Museu Judaico Lisboa<\/title>\n<link rel=\"canonical\" href=\"https:\/\/mjlisboa.com\/en\/museu-judaico-ja-nao-fica-em-alfama-vai-para-belem\/\" \/>\n<meta property=\"og:locale\" content=\"en_US\" \/>\n<meta property=\"og:type\" content=\"article\" \/>\n<meta property=\"og:title\" content=\"Museu Judaico j\u00e1 n\u00e3o fica em Alfama. Vai para Bel\u00e9m | Tikva Museu Judaico Lisboa\" \/>\n<meta property=\"og:description\" content=\"C\u00e2mara recua na inten\u00e7\u00e3o de instalar o Museu Judaico em Alfama, uma localiza\u00e7\u00e3o contestada pelos moradores. Projeto lan\u00e7ado em 2016 e que acabou em tribunal volta ao in\u00edcio.\" \/>\n<meta property=\"og:url\" content=\"https:\/\/mjlisboa.com\/en\/museu-judaico-ja-nao-fica-em-alfama-vai-para-belem\/\" \/>\n<meta property=\"og:site_name\" content=\"Tikva Museu Judaico Lisboa\" \/>\n<meta property=\"article:published_time\" content=\"2020-12-17T20:02:06+00:00\" \/>\n<meta property=\"article:modified_time\" content=\"2021-03-30T23:06:41+00:00\" \/>\n<meta name=\"twitter:card\" content=\"summary_large_image\" \/>\n<meta name=\"twitter:label1\" content=\"Est. reading time\">\n\t<meta name=\"twitter:data1\" content=\"11 minutes\">\n<script type=\"application\/ld+json\" class=\"yoast-schema-graph\">{\"@context\":\"https:\/\/schema.org\",\"@graph\":[{\"@type\":\"WebSite\",\"@id\":\"https:\/\/mjlisboa.com\/#website\",\"url\":\"https:\/\/mjlisboa.com\/\",\"name\":\"Tikva Museu Judaico Lisboa\",\"description\":\"Jewish Museum of Lisbon\",\"potentialAction\":[{\"@type\":\"SearchAction\",\"target\":\"https:\/\/mjlisboa.com\/?s={search_term_string}\",\"query-input\":\"required name=search_term_string\"}],\"inLanguage\":\"en-US\"},{\"@type\":\"WebPage\",\"@id\":\"https:\/\/mjlisboa.com\/en\/museu-judaico-ja-nao-fica-em-alfama-vai-para-belem\/#webpage\",\"url\":\"https:\/\/mjlisboa.com\/en\/museu-judaico-ja-nao-fica-em-alfama-vai-para-belem\/\",\"name\":\"Museu Judaico j\\u00e1 n\\u00e3o fica em Alfama. Vai para Bel\\u00e9m | Tikva Museu Judaico Lisboa\",\"isPartOf\":{\"@id\":\"https:\/\/mjlisboa.com\/#website\"},\"datePublished\":\"2020-12-17T20:02:06+00:00\",\"dateModified\":\"2021-03-30T23:06:41+00:00\",\"author\":{\"@id\":\"https:\/\/mjlisboa.com\/#\/schema\/person\/9fa86ca433e66bf106e8f7c0ec93c8b6\"},\"breadcrumb\":{\"@id\":\"https:\/\/mjlisboa.com\/en\/museu-judaico-ja-nao-fica-em-alfama-vai-para-belem\/#breadcrumb\"},\"inLanguage\":\"en-US\",\"potentialAction\":[{\"@type\":\"ReadAction\",\"target\":[\"https:\/\/mjlisboa.com\/en\/museu-judaico-ja-nao-fica-em-alfama-vai-para-belem\/\"]}]},{\"@type\":\"BreadcrumbList\",\"@id\":\"https:\/\/mjlisboa.com\/en\/museu-judaico-ja-nao-fica-em-alfama-vai-para-belem\/#breadcrumb\",\"itemListElement\":[{\"@type\":\"ListItem\",\"position\":1,\"item\":{\"@type\":\"WebPage\",\"@id\":\"https:\/\/mjlisboa.com\/\",\"url\":\"https:\/\/mjlisboa.com\/\",\"name\":\"Home\"}},{\"@type\":\"ListItem\",\"position\":2,\"item\":{\"@type\":\"WebPage\",\"@id\":\"https:\/\/mjlisboa.com\/en\/museu-judaico-ja-nao-fica-em-alfama-vai-para-belem\/\",\"url\":\"https:\/\/mjlisboa.com\/en\/museu-judaico-ja-nao-fica-em-alfama-vai-para-belem\/\",\"name\":\"Museu Judaico j\\u00e1 n\\u00e3o fica em Alfama. Vai para Bel\\u00e9m\"}}]},{\"@type\":\"Person\",\"@id\":\"https:\/\/mjlisboa.com\/#\/schema\/person\/9fa86ca433e66bf106e8f7c0ec93c8b6\",\"name\":\"Atelier Kahn\",\"image\":{\"@type\":\"ImageObject\",\"@id\":\"https:\/\/mjlisboa.com\/#personlogo\",\"inLanguage\":\"en-US\",\"url\":\"https:\/\/secure.gravatar.com\/avatar\/cbbe8b74b3374cde1a8de055a505f7a1?s=96&d=mm&r=g\",\"contentUrl\":\"https:\/\/secure.gravatar.com\/avatar\/cbbe8b74b3374cde1a8de055a505f7a1?s=96&d=mm&r=g\",\"caption\":\"Atelier Kahn\"}}]}<\/script>\n<!-- \/ Yoast SEO plugin. -->","_links":{"self":[{"href":"https:\/\/mjlisboa.com\/en\/wp-json\/wp\/v2\/posts\/15747"}],"collection":[{"href":"https:\/\/mjlisboa.com\/en\/wp-json\/wp\/v2\/posts"}],"about":[{"href":"https:\/\/mjlisboa.com\/en\/wp-json\/wp\/v2\/types\/post"}],"author":[{"embeddable":true,"href":"https:\/\/mjlisboa.com\/en\/wp-json\/wp\/v2\/users\/8"}],"replies":[{"embeddable":true,"href":"https:\/\/mjlisboa.com\/en\/wp-json\/wp\/v2\/comments?post=15747"}],"version-history":[{"count":0,"href":"https:\/\/mjlisboa.com\/en\/wp-json\/wp\/v2\/posts\/15747\/revisions"}],"wp:attachment":[{"href":"https:\/\/mjlisboa.com\/en\/wp-json\/wp\/v2\/media?parent=15747"}],"wp:term":[{"taxonomy":"category","embeddable":true,"href":"https:\/\/mjlisboa.com\/en\/wp-json\/wp\/v2\/categories?post=15747"},{"taxonomy":"post_tag","embeddable":true,"href":"https:\/\/mjlisboa.com\/en\/wp-json\/wp\/v2\/tags?post=15747"}],"curies":[{"name":"wp","href":"https:\/\/api.w.org\/{rel}","templated":true}]}}