{"id":15753,"date":"2016-06-24T21:03:08","date_gmt":"2016-06-24T20:03:08","guid":{"rendered":"https:\/\/mjlisboa.com\/lisboa-vai-ter-museu-judaico\/"},"modified":"2021-03-31T00:07:06","modified_gmt":"2021-03-30T23:07:06","slug":"lisboa-vai-ter-museu-judaico","status":"publish","type":"post","link":"https:\/\/mjlisboa.com\/en\/lisboa-vai-ter-museu-judaico\/","title":{"rendered":"Lisboa vai ter Museu Judaico"},"content":{"rendered":"<div class=\"fusion-fullwidth fullwidth-box fusion-builder-row-1 fusion-flex-container nonhundred-percent-fullwidth non-hundred-percent-height-scrolling\" style=\"background-color: rgba(255,255,255,0);background-position: center center;background-repeat: no-repeat;border-width: 0px 0px 0px 0px;border-color:#eae9e9;border-style:solid;\" ><div class=\"fusion-builder-row fusion-row fusion-flex-align-items-flex-start fusion-flex-justify-content-center\" style=\"max-width:calc( 1280px + 40px );margin-left: calc(-40px \/ 2 );margin-right: calc(-40px \/ 2 );\"><div class=\"fusion-layout-column fusion_builder_column fusion-builder-column-0 fusion_builder_column_3_5 3_5 fusion-flex-column\"><div class=\"fusion-column-wrapper fusion-flex-justify-content-flex-start fusion-content-layout-column\" style=\"background-position:left top;background-repeat:no-repeat;-webkit-background-size:cover;-moz-background-size:cover;-o-background-size:cover;background-size:cover;background-color:rgba(0,0,0,0);padding: 0px 0px 0px 0px;\"><div class=\"fusion-text fusion-text-1\" style=\"font-size:16px;letter-spacing:2px;color:#000000;font-family:&quot;Montserrat&quot;;font-weight:600;\"><p>2016-06-24<br \/>\nPUBLITURIS<\/p>\n<\/div><div class=\"fusion-separator fusion-full-width-sep\" style=\"align-self: center;margin-left: auto;margin-right: auto;margin-top:15px;width:100%;\"><\/div><style type=\"text\/css\">@media only screen and (max-width:1200px) {.fusion-title.fusion-title-1{margin-top:0px!important; margin-right:0px!important;margin-bottom:0px!important;margin-left:0px!important;}}@media only screen and (max-width:640px) {.fusion-title.fusion-title-1{margin-top:0px!important; margin-right:0px!important;margin-bottom:0px!important; margin-left:0px!important;}}<\/style><div class=\"fusion-title title fusion-title-1 fusion-sep-none fusion-title-text fusion-title-size-two\" style=\"font-size:36px;margin-top:0px;margin-right:0px;margin-bottom:0px;margin-left:0px;\"><h2 class=\"title-heading-left\" style=\"margin:0;font-size:1em;line-height:1.2;\">Lisboa vai ter Museu Judaico<\/h2><\/div><div class=\"fusion-separator fusion-full-width-sep\" style=\"align-self: center;margin-left: auto;margin-right: auto;margin-top:5px;width:100%;\"><\/div><div class=\"fusion-text fusion-text-2\" style=\"font-size:20px;line-height:1.4;\"><p>A cidade de Lisboa ter\u00e1 um Museu Judaico, uma obra que ser\u00e1 suportada financeiramente e gerida pela Associa\u00e7\u00e3o de Turismo de Lisboa (ATL). Localizado no bairro de Alfama, o futuro museu est\u00e1 previsto inaugurar j\u00e1 no pr\u00f3ximo ano de 2017, de acordo com a ag\u00eancia Lusa, que refere uma proposta que ser\u00e1 apreciada na reuni\u00e3o camar\u00e1ria de quarta-feira.<\/p>\n<p>Catarina Vaz Pinto, vereadora da Cultura do munic\u00edpio de Lisboa, afirma que a ATL \u201cest\u00e1 fortemente empenhada na diversifica\u00e7\u00e3o e promo\u00e7\u00e3o tur\u00edstica sustentada de Lisboa, promovendo e apoiando iniciativas culturais diferenciadoras\u201d da cidade, pelo que, \u201cno quadro das suas compet\u00eancias, ser\u00e1 a entidade gestora do Museu Judaico de Lisboa\u201d, avan\u00e7a ainda a ag\u00eancia.A minuta de protocolo, anexa \u00e0 proposta, informa que caber\u00e1 \u00e0 ATL \u201crealizar e custear\u201d os projectos de especialidade e o projecto de musealiza\u00e7\u00e3o, bem como suportar \u201co investimento necess\u00e1rio para a instala\u00e7\u00e3o do museu, recorrendo, se necess\u00e1rio, a instrumentos financeiros, nacionais e internacionais\u201d. O estudo preliminar de investimento, outro dos anexos, especifica que o investimento ascende aos 2,9 milh\u00f5es de euros (em projectos, obras, equipamentos, exposi\u00e7\u00e3o e promo\u00e7\u00e3o), valor inferior em perto de 300 mil euros ao que se prev\u00ea de suporte financeiro para cria\u00e7\u00e3o do espa\u00e7o.<\/p>\n<p>\u00c0 autarquia lisboeta, caber\u00e1 constituir um direito de superf\u00edcie, a favor da ATL, sobre os pr\u00e9dios onde ser\u00e1 instalado o museu, por um per\u00edodo m\u00ednimo de 50 anos. O munic\u00edpio ir\u00e1 tamb\u00e9m \u201ccontribuir para o financiamento parcial do custo de reabilita\u00e7\u00e3o e adapta\u00e7\u00e3o dos edif\u00edcios a museu\u201d \u2013 rubrica onde se inclui os cerca de 300 mil euros que ser\u00e3o obtidos atrav\u00e9s de fundos europeus e nacionais \u2013 bem como \u201cgarantir as condi\u00e7\u00f5es de manuten\u00e7\u00e3o dos edif\u00edcios\u201d.<\/p>\n<p>O projecto envolve tamb\u00e9m a c\u00e2mara e a Comunidade Israelita de Lisboa, a qual ter\u00e1 de \u201cassegurar a ced\u00eancia do projecto de arquitectura, da autoria da arquitecta Gra\u00e7a Bachmann\u201d e, ainda, \u201cceder e intermediar, junto de terceiros, a ced\u00eancia do esp\u00f3lio museol\u00f3gico relevante para a constitui\u00e7\u00e3o do museu\u201d.<\/p>\n<\/div><div class=\"fusion-separator fusion-full-width-sep\" style=\"align-self: center;margin-left: auto;margin-right: auto;margin-top:15px;width:100%;\"><\/div><div class=\"fusion-text fusion-text-3\" style=\"font-size:18px;color:rgba(45,129,177,0.99);font-family:&quot;Josefin Sans&quot;;\"><p><a href=\"https:\/\/www.publituris.pt\/2016\/06\/24\/lisboa-vai-ter-museu-judaico\/\" target=\"_blank\" rel=\"noopener\">&gt; Ver artigo na fonte<\/a><\/p>\n<\/div><\/div><style type=\"text\/css\">.fusion-body .fusion-builder-column-0{width:60% !important;margin-top : 0px;margin-bottom : 0px;}.fusion-builder-column-0 > .fusion-column-wrapper {padding-top : 0 !important;padding-right : 0px !important;margin-right : 0;padding-bottom : 0px !important;padding-left : 0px !important;margin-left : 0;}@media only screen and (max-width:1200px) {.fusion-body .fusion-builder-column-0{width:60% !important;order : 0;}.fusion-builder-column-0 > .fusion-column-wrapper {margin-right : 0;margin-left : 0;}}@media only screen and (max-width:640px) {.fusion-body .fusion-builder-column-0{width:100% !important;order : 0;}.fusion-builder-column-0 > .fusion-column-wrapper {margin-right : 20px;margin-left : 20px;}}<\/style><\/div><\/div><style type=\"text\/css\">.fusion-body .fusion-flex-container.fusion-builder-row-1{ padding-top : 21px;margin-top : 0px;padding-right : 0px;padding-bottom : 0px;margin-bottom : 0px;padding-left : 0px;}<\/style><\/div>\n","protected":false},"excerpt":{"rendered":"<p>A cidade de Lisboa ter\u00e1 um Museu Judaico, uma obra que ser\u00e1 suportada financeiramente e gerida pela Associa\u00e7\u00e3o de Turismo de Lisboa (ATL).<\/p>\n","protected":false},"author":8,"featured_media":0,"comment_status":"closed","ping_status":"closed","sticky":false,"template":"","format":"standard","meta":{"_coblocks_attr":"","_coblocks_dimensions":"","_coblocks_responsive_height":"","_coblocks_accordion_ie_support":"","inline_featured_image":false},"categories":[218],"tags":[225],"yoast_head":"<!-- This site is optimized with the Yoast SEO plugin v16.1.1 - https:\/\/yoast.com\/wordpress\/plugins\/seo\/ -->\n<title>Lisboa vai ter Museu Judaico | Tikva Museu Judaico Lisboa<\/title>\n<link rel=\"canonical\" href=\"https:\/\/mjlisboa.com\/en\/lisboa-vai-ter-museu-judaico\/\" \/>\n<meta property=\"og:locale\" content=\"en_US\" \/>\n<meta property=\"og:type\" content=\"article\" \/>\n<meta property=\"og:title\" content=\"Lisboa vai ter Museu Judaico | Tikva Museu Judaico Lisboa\" \/>\n<meta property=\"og:description\" content=\"A cidade de Lisboa ter\u00e1 um Museu Judaico, uma obra que ser\u00e1 suportada financeiramente e gerida pela Associa\u00e7\u00e3o de Turismo de Lisboa (ATL).\" \/>\n<meta property=\"og:url\" content=\"https:\/\/mjlisboa.com\/en\/lisboa-vai-ter-museu-judaico\/\" \/>\n<meta property=\"og:site_name\" content=\"Tikva Museu Judaico Lisboa\" \/>\n<meta property=\"article:published_time\" content=\"2016-06-24T20:03:08+00:00\" \/>\n<meta property=\"article:modified_time\" content=\"2021-03-30T23:07:06+00:00\" \/>\n<meta name=\"twitter:card\" content=\"summary_large_image\" \/>\n<meta name=\"twitter:label1\" content=\"Est. reading time\">\n\t<meta name=\"twitter:data1\" content=\"6 minutes\">\n<script type=\"application\/ld+json\" class=\"yoast-schema-graph\">{\"@context\":\"https:\/\/schema.org\",\"@graph\":[{\"@type\":\"WebSite\",\"@id\":\"https:\/\/mjlisboa.com\/#website\",\"url\":\"https:\/\/mjlisboa.com\/\",\"name\":\"Tikva Museu Judaico Lisboa\",\"description\":\"Jewish Museum of Lisbon\",\"potentialAction\":[{\"@type\":\"SearchAction\",\"target\":\"https:\/\/mjlisboa.com\/?s={search_term_string}\",\"query-input\":\"required name=search_term_string\"}],\"inLanguage\":\"en-US\"},{\"@type\":\"WebPage\",\"@id\":\"https:\/\/mjlisboa.com\/en\/lisboa-vai-ter-museu-judaico\/#webpage\",\"url\":\"https:\/\/mjlisboa.com\/en\/lisboa-vai-ter-museu-judaico\/\",\"name\":\"Lisboa vai ter Museu Judaico | Tikva Museu Judaico Lisboa\",\"isPartOf\":{\"@id\":\"https:\/\/mjlisboa.com\/#website\"},\"datePublished\":\"2016-06-24T20:03:08+00:00\",\"dateModified\":\"2021-03-30T23:07:06+00:00\",\"author\":{\"@id\":\"https:\/\/mjlisboa.com\/#\/schema\/person\/9fa86ca433e66bf106e8f7c0ec93c8b6\"},\"breadcrumb\":{\"@id\":\"https:\/\/mjlisboa.com\/en\/lisboa-vai-ter-museu-judaico\/#breadcrumb\"},\"inLanguage\":\"en-US\",\"potentialAction\":[{\"@type\":\"ReadAction\",\"target\":[\"https:\/\/mjlisboa.com\/en\/lisboa-vai-ter-museu-judaico\/\"]}]},{\"@type\":\"BreadcrumbList\",\"@id\":\"https:\/\/mjlisboa.com\/en\/lisboa-vai-ter-museu-judaico\/#breadcrumb\",\"itemListElement\":[{\"@type\":\"ListItem\",\"position\":1,\"item\":{\"@type\":\"WebPage\",\"@id\":\"https:\/\/mjlisboa.com\/\",\"url\":\"https:\/\/mjlisboa.com\/\",\"name\":\"Home\"}},{\"@type\":\"ListItem\",\"position\":2,\"item\":{\"@type\":\"WebPage\",\"@id\":\"https:\/\/mjlisboa.com\/en\/lisboa-vai-ter-museu-judaico\/\",\"url\":\"https:\/\/mjlisboa.com\/en\/lisboa-vai-ter-museu-judaico\/\",\"name\":\"Lisboa vai ter Museu Judaico\"}}]},{\"@type\":\"Person\",\"@id\":\"https:\/\/mjlisboa.com\/#\/schema\/person\/9fa86ca433e66bf106e8f7c0ec93c8b6\",\"name\":\"Atelier Kahn\",\"image\":{\"@type\":\"ImageObject\",\"@id\":\"https:\/\/mjlisboa.com\/#personlogo\",\"inLanguage\":\"en-US\",\"url\":\"https:\/\/secure.gravatar.com\/avatar\/cbbe8b74b3374cde1a8de055a505f7a1?s=96&d=mm&r=g\",\"contentUrl\":\"https:\/\/secure.gravatar.com\/avatar\/cbbe8b74b3374cde1a8de055a505f7a1?s=96&d=mm&r=g\",\"caption\":\"Atelier Kahn\"}}]}<\/script>\n<!-- \/ Yoast SEO plugin. -->","_links":{"self":[{"href":"https:\/\/mjlisboa.com\/en\/wp-json\/wp\/v2\/posts\/15753"}],"collection":[{"href":"https:\/\/mjlisboa.com\/en\/wp-json\/wp\/v2\/posts"}],"about":[{"href":"https:\/\/mjlisboa.com\/en\/wp-json\/wp\/v2\/types\/post"}],"author":[{"embeddable":true,"href":"https:\/\/mjlisboa.com\/en\/wp-json\/wp\/v2\/users\/8"}],"replies":[{"embeddable":true,"href":"https:\/\/mjlisboa.com\/en\/wp-json\/wp\/v2\/comments?post=15753"}],"version-history":[{"count":0,"href":"https:\/\/mjlisboa.com\/en\/wp-json\/wp\/v2\/posts\/15753\/revisions"}],"wp:attachment":[{"href":"https:\/\/mjlisboa.com\/en\/wp-json\/wp\/v2\/media?parent=15753"}],"wp:term":[{"taxonomy":"category","embeddable":true,"href":"https:\/\/mjlisboa.com\/en\/wp-json\/wp\/v2\/categories?post=15753"},{"taxonomy":"post_tag","embeddable":true,"href":"https:\/\/mjlisboa.com\/en\/wp-json\/wp\/v2\/tags?post=15753"}],"curies":[{"name":"wp","href":"https:\/\/api.w.org\/{rel}","templated":true}]}}