{"id":15756,"date":"2016-01-07T21:03:36","date_gmt":"2016-01-07T20:03:36","guid":{"rendered":"https:\/\/mjlisboa.com\/havera-museu-judaico-em-2017-vacina-contra-o-fanatismo\/"},"modified":"2021-03-31T00:03:44","modified_gmt":"2021-03-30T23:03:44","slug":"havera-museu-judaico-em-2017-vacina-contra-o-fanatismo","status":"publish","type":"post","link":"https:\/\/mjlisboa.com\/en\/havera-museu-judaico-em-2017-vacina-contra-o-fanatismo\/","title":{"rendered":"Haver\u00e1 Museu Judaico em 2017: &#8220;Vacina contra o fanatismo&#8221;"},"content":{"rendered":"<div class=\"fusion-fullwidth fullwidth-box fusion-builder-row-1 fusion-flex-container nonhundred-percent-fullwidth non-hundred-percent-height-scrolling\" style=\"background-color: rgba(255,255,255,0);background-position: center center;background-repeat: no-repeat;border-width: 0px 0px 0px 0px;border-color:#eae9e9;border-style:solid;\" ><div class=\"fusion-builder-row fusion-row fusion-flex-align-items-flex-start fusion-flex-justify-content-center\" style=\"max-width:calc( 1280px + 40px );margin-left: calc(-40px \/ 2 );margin-right: calc(-40px \/ 2 );\"><div class=\"fusion-layout-column fusion_builder_column fusion-builder-column-0 fusion_builder_column_3_5 3_5 fusion-flex-column\"><div class=\"fusion-column-wrapper fusion-flex-justify-content-flex-start fusion-content-layout-column\" style=\"background-position:left top;background-repeat:no-repeat;-webkit-background-size:cover;-moz-background-size:cover;-o-background-size:cover;background-size:cover;background-color:rgba(0,0,0,0);padding: 0px 0px 0px 0px;\"><div class=\"fusion-text fusion-text-1\" style=\"font-size:16px;letter-spacing:2px;color:#000000;font-family:&quot;Montserrat&quot;;font-weight:600;\"><p>2016-01-07<br \/>\nDI\u00c1RIO DE NOT\u00cdCIAS<\/p>\n<\/div><div class=\"fusion-separator fusion-full-width-sep\" style=\"align-self: center;margin-left: auto;margin-right: auto;margin-top:15px;width:100%;\"><\/div><style type=\"text\/css\">@media only screen and (max-width:1200px) {.fusion-title.fusion-title-1{margin-top:0px!important; margin-right:0px!important;margin-bottom:0px!important;margin-left:0px!important;}}@media only screen and (max-width:640px) {.fusion-title.fusion-title-1{margin-top:0px!important; margin-right:0px!important;margin-bottom:0px!important; margin-left:0px!important;}}<\/style><div class=\"fusion-title title fusion-title-1 fusion-sep-none fusion-title-text fusion-title-size-two\" style=\"font-size:36px;margin-top:0px;margin-right:0px;margin-bottom:0px;margin-left:0px;\"><h2 class=\"title-heading-left\" style=\"margin:0;font-size:1em;line-height:1.2;\">Haver\u00e1 Museu Judaico em 2017: &#8220;Vacina contra o fanatismo&#8221;<\/h2><\/div><div class=\"fusion-separator fusion-full-width-sep\" style=\"align-self: center;margin-left: auto;margin-right: auto;margin-top:5px;width:100%;\"><\/div><div class=\"fusion-text fusion-text-2\" style=\"font-size:20px;line-height:1.4;\"><p>J\u00e1 n\u00e3o h\u00e1 como voltar atr\u00e1s sem embara\u00e7o. H\u00e1 um tel\u00e3o enorme no Largo de S\u00e3o Miguel, em Alfama, a anunciar o local do futuro Museu Judaico de Lisboa, que dever\u00e1 abrir portas no primeiro semestre de 2017. &#8221; \u00c9 um projeto que propusemos ao Doutor Jo\u00e3o Soares [enquanto autarca] em 1996 e que depois foi retomado na gest\u00e3o de Ant\u00f3nio Costa&#8221;, recorda Esther Mucznik, vice-presidente da Comunidade Israelita de Lisboa (CIL).<\/p>\n<p>Vinte anos depois, \u00e9 pelas m\u00e3os de Fernando Medina, atual presidente da C\u00e2mara Municipal de Lisboa (CML), e da vereadora da Cultura, Catarina Vaz Pinto, que o projeto do museu avan\u00e7a. At\u00e9 aqui, recorda Mucznik, a CML &#8220;n\u00e3o dispunha de possibilidades financeiras&#8221;. Recentemente, &#8220;a situa\u00e7\u00e3o foi desbloqueada&#8221; e a financiar o futuro museu Camar\u00e1rio estar\u00e3o ainda &#8220;parceiros a n\u00edvel internacional&#8221;.<\/p>\n<p>&#8220;N\u00e3o queremos um olhar de vitimiza\u00e7\u00e3o&#8221; lan\u00e7a Esther Mucznika cerca do museu. Explica que este ir\u00e1 p\u00f4r &#8220;a t\u00f3nica sobretudo nos contributos das diferentes comunidades judaicas ao longo os s\u00e9culos, em Portugal e na di\u00e1spora, depois da expuls\u00e3o. Vamos dar mais \u00eanfase aos contributos do que propriamente \u00e0 parte da expuls\u00e3o, inquisi\u00e7\u00e3o, que estar\u00e1 presente&#8221;.<\/p>\n<p>Ainda sem adiantar obras e nomes que no pr\u00f3ximo ano dever\u00e3o habitar as paredes do museu, a vice-presidente da CIL adianta que &#8220;grande parte do esp\u00f3lio ser\u00e1 de depositantes que fazem parte da comunidade [israelita], outros n\u00e3o.&#8221; A este esp\u00f3lio acrescer\u00e1, para futuras exposi\u00e7\u00f5es tempor\u00e1rias, &#8220;a possibilidade de ter apoios do Museu Judaico de Amesterd\u00e3o, com quem j\u00e1 fal\u00e1mos v\u00e1rias vezes, de Fran\u00e7a e v\u00e1rios pontos da Europa.&#8221;<\/p>\n<\/div><div class=\"fusion-separator fusion-full-width-sep\" style=\"align-self: center;margin-left: auto;margin-right: auto;margin-top:10px;margin-bottom:10px;width:100%;\"><\/div><div class=\"fusion-text fusion-text-3\" style=\"font-size:20px;line-height:1.4;\"><p><b>Sem custos e modelo de gest\u00e3o<\/b><\/p>\n<p>A escolha daquele lugar para o futuro museu &#8211; ao lado da igreja de S\u00e3o Miguel &#8211; n\u00e3o foi em v\u00e3o. Alfama \u00e9 &#8220;o bairro [que] albergou a mais importante comunidade de judeus da Lisboa medieval&#8221;, recorda Catarina Vaz Pinto, respons\u00e1vel pelo pelouro da Cultura da CML. Quanto ao projeto arquitet\u00f3nico para o edif\u00edcio a recuperar, a vereadora diz que este &#8220;ainda est\u00e1 a ser trabalhado pelo que \u00e9 prematuro neste momento apontar dados financeiros concretos sobre custos de constru\u00e7\u00e3o e modelo de gest\u00e3o&#8221;. A arquitetura estar\u00e1 a cargo de Gra\u00e7a Bachmann. Autora da proposta para o Memorial \u00e0s V\u00edtimas da Intoler\u00e2ncia Evocativo do Massacre Judaico de 1506, erigido em 2008 no Largo de S. Domingos.<\/p>\n<p>&#8220;O objetivo do museu \u00e9 garantir que a hist\u00f3ria dos judeus fica contada n\u00e3o s\u00f3 em livros, mas atrav\u00e9s de uma vis\u00e3o mais concreta. Atrav\u00e9s de pe\u00e7as, de filmes, de m\u00fasica, de a\u00e7\u00f5es concretas que pensamos desenvolver&#8221;, nota Esther.<\/p>\n<p>A hist\u00f3ria, j\u00e1 se saber\u00e1, \u00e9 &#8220;a dos judeus em Portugal como parte da identidade portuguesa. &#8220;N\u00f3s vamos para os diferentes s\u00edtios, col\u00f3quios, acontecimentos, comemora-se isto e aquilo, e fala-se dos judeus. Mas n\u00e3o existe uma hist\u00f3ria contada, acess\u00edvel ao grande p\u00fablico.&#8221; Esther n\u00e3o tem conhecimento de outra entidade envolvida no projeto, al\u00e9m dos diversos \u00f3rg\u00e3os camar\u00e1rios e da CIL. A vereadora, por sua vez, explica que &#8220;a CML est\u00e1 a trabalhar tamb\u00e9m com outras entidades p\u00fablicas e privadas&#8221;, sem avan\u00e7ar quais.<\/p>\n<p>Quando falamos do atentado ao museu Judaico de Bruxelas, em maio de 2014, ou dos v\u00e1rios ataques terroristas a Fran\u00e7a desse ano, Esther responde: &#8220;Muitas vezes as pessoas por desconhecimento, aderem a perspetivas que s\u00e3o vis\u00f5es erradas e fanatizadas e penso que o conhecimento \u00e9 a grande vacina contra o fanatismo. Penso que o museu poder\u00e1 ter um impacto nesse sentido: fazer compreender que a multiplicidade de culturas, n\u00e3o \u00e9 um mal, mas um bem.&#8221;<\/p>\n<\/div><div class=\"fusion-text fusion-text-4\" style=\"font-size:20px;letter-spacing:1px;font-family:&quot;Spectral SC&quot;;font-weight:500;\"><p>mariana pereira<\/p>\n<\/div><div class=\"fusion-separator fusion-full-width-sep\" style=\"align-self: center;margin-left: auto;margin-right: auto;margin-top:15px;width:100%;\"><\/div><div class=\"fusion-text fusion-text-5\" style=\"font-size:18px;color:rgba(45,129,177,0.99);font-family:&quot;Josefin Sans&quot;;\"><p><a href=\"https:\/\/www.dn.pt\/artes\/havera-museu-judaico-em-2017-vacina-contra-o-fanatismo-4967272.html\" target=\"_blank\" rel=\"noopener\">&gt; Ver artigo na fonte<\/a><\/p>\n<\/div><\/div><style type=\"text\/css\">.fusion-body .fusion-builder-column-0{width:60% !important;margin-top : 0px;margin-bottom : 0px;}.fusion-builder-column-0 > .fusion-column-wrapper {padding-top : 0 !important;padding-right : 0px !important;margin-right : 0;padding-bottom : 0px !important;padding-left : 0px !important;margin-left : 0;}@media only screen and (max-width:1200px) {.fusion-body .fusion-builder-column-0{width:60% !important;order : 0;}.fusion-builder-column-0 > .fusion-column-wrapper {margin-right : 0;margin-left : 0;}}@media only screen and (max-width:640px) {.fusion-body .fusion-builder-column-0{width:100% !important;order : 0;}.fusion-builder-column-0 > .fusion-column-wrapper {margin-right : 20px;margin-left : 20px;}}<\/style><\/div><\/div><style type=\"text\/css\">.fusion-body .fusion-flex-container.fusion-builder-row-1{ padding-top : 21px;margin-top : 0px;padding-right : 0px;padding-bottom : 0px;margin-bottom : 0px;padding-left : 0px;}<\/style><\/div>\n","protected":false},"excerpt":{"rendered":"<p>&#8220;N\u00e3o queremos um olhar de vitimiza\u00e7\u00e3o&#8221; lan\u00e7a a vice-presidente da Comunidade Israelita de Lisboa a prop\u00f3sito do museu municipal que contar\u00e1 a hist\u00f3ria dos judeus no pa\u00eds<\/p>\n","protected":false},"author":8,"featured_media":0,"comment_status":"closed","ping_status":"closed","sticky":false,"template":"","format":"standard","meta":{"_coblocks_attr":"","_coblocks_dimensions":"","_coblocks_responsive_height":"","_coblocks_accordion_ie_support":"","inline_featured_image":false},"categories":[218],"tags":[223],"yoast_head":"<!-- This site is optimized with the Yoast SEO plugin v16.1.1 - https:\/\/yoast.com\/wordpress\/plugins\/seo\/ -->\n<title>Haver\u00e1 Museu Judaico em 2017: &quot;Vacina contra o fanatismo&quot; | Tikva Museu Judaico Lisboa<\/title>\n<link rel=\"canonical\" href=\"https:\/\/mjlisboa.com\/en\/havera-museu-judaico-em-2017-vacina-contra-o-fanatismo\/\" \/>\n<meta property=\"og:locale\" content=\"en_US\" \/>\n<meta property=\"og:type\" content=\"article\" \/>\n<meta property=\"og:title\" content=\"Haver\u00e1 Museu Judaico em 2017: &quot;Vacina contra o fanatismo&quot; | Tikva Museu Judaico Lisboa\" \/>\n<meta property=\"og:description\" content=\"&quot;N\u00e3o queremos um olhar de vitimiza\u00e7\u00e3o&quot; lan\u00e7a a vice-presidente da Comunidade Israelita de Lisboa a prop\u00f3sito do museu municipal que contar\u00e1 a hist\u00f3ria dos judeus no pa\u00eds\" \/>\n<meta property=\"og:url\" content=\"https:\/\/mjlisboa.com\/en\/havera-museu-judaico-em-2017-vacina-contra-o-fanatismo\/\" \/>\n<meta property=\"og:site_name\" content=\"Tikva Museu Judaico Lisboa\" \/>\n<meta property=\"article:published_time\" content=\"2016-01-07T20:03:36+00:00\" \/>\n<meta property=\"article:modified_time\" content=\"2021-03-30T23:03:44+00:00\" \/>\n<meta name=\"twitter:card\" content=\"summary_large_image\" \/>\n<meta name=\"twitter:label1\" content=\"Est. reading time\">\n\t<meta name=\"twitter:data1\" content=\"8 minutes\">\n<script type=\"application\/ld+json\" class=\"yoast-schema-graph\">{\"@context\":\"https:\/\/schema.org\",\"@graph\":[{\"@type\":\"WebSite\",\"@id\":\"https:\/\/mjlisboa.com\/#website\",\"url\":\"https:\/\/mjlisboa.com\/\",\"name\":\"Tikva Museu Judaico Lisboa\",\"description\":\"Jewish Museum of Lisbon\",\"potentialAction\":[{\"@type\":\"SearchAction\",\"target\":\"https:\/\/mjlisboa.com\/?s={search_term_string}\",\"query-input\":\"required name=search_term_string\"}],\"inLanguage\":\"en-US\"},{\"@type\":\"WebPage\",\"@id\":\"https:\/\/mjlisboa.com\/en\/havera-museu-judaico-em-2017-vacina-contra-o-fanatismo\/#webpage\",\"url\":\"https:\/\/mjlisboa.com\/en\/havera-museu-judaico-em-2017-vacina-contra-o-fanatismo\/\",\"name\":\"Haver\\u00e1 Museu Judaico em 2017: \\\"Vacina contra o fanatismo\\\" | Tikva Museu Judaico Lisboa\",\"isPartOf\":{\"@id\":\"https:\/\/mjlisboa.com\/#website\"},\"datePublished\":\"2016-01-07T20:03:36+00:00\",\"dateModified\":\"2021-03-30T23:03:44+00:00\",\"author\":{\"@id\":\"https:\/\/mjlisboa.com\/#\/schema\/person\/9fa86ca433e66bf106e8f7c0ec93c8b6\"},\"breadcrumb\":{\"@id\":\"https:\/\/mjlisboa.com\/en\/havera-museu-judaico-em-2017-vacina-contra-o-fanatismo\/#breadcrumb\"},\"inLanguage\":\"en-US\",\"potentialAction\":[{\"@type\":\"ReadAction\",\"target\":[\"https:\/\/mjlisboa.com\/en\/havera-museu-judaico-em-2017-vacina-contra-o-fanatismo\/\"]}]},{\"@type\":\"BreadcrumbList\",\"@id\":\"https:\/\/mjlisboa.com\/en\/havera-museu-judaico-em-2017-vacina-contra-o-fanatismo\/#breadcrumb\",\"itemListElement\":[{\"@type\":\"ListItem\",\"position\":1,\"item\":{\"@type\":\"WebPage\",\"@id\":\"https:\/\/mjlisboa.com\/\",\"url\":\"https:\/\/mjlisboa.com\/\",\"name\":\"Home\"}},{\"@type\":\"ListItem\",\"position\":2,\"item\":{\"@type\":\"WebPage\",\"@id\":\"https:\/\/mjlisboa.com\/en\/havera-museu-judaico-em-2017-vacina-contra-o-fanatismo\/\",\"url\":\"https:\/\/mjlisboa.com\/en\/havera-museu-judaico-em-2017-vacina-contra-o-fanatismo\/\",\"name\":\"Haver\\u00e1 Museu Judaico em 2017: &#8220;Vacina contra o fanatismo&#8221;\"}}]},{\"@type\":\"Person\",\"@id\":\"https:\/\/mjlisboa.com\/#\/schema\/person\/9fa86ca433e66bf106e8f7c0ec93c8b6\",\"name\":\"Atelier Kahn\",\"image\":{\"@type\":\"ImageObject\",\"@id\":\"https:\/\/mjlisboa.com\/#personlogo\",\"inLanguage\":\"en-US\",\"url\":\"https:\/\/secure.gravatar.com\/avatar\/cbbe8b74b3374cde1a8de055a505f7a1?s=96&d=mm&r=g\",\"contentUrl\":\"https:\/\/secure.gravatar.com\/avatar\/cbbe8b74b3374cde1a8de055a505f7a1?s=96&d=mm&r=g\",\"caption\":\"Atelier Kahn\"}}]}<\/script>\n<!-- \/ Yoast SEO plugin. -->","_links":{"self":[{"href":"https:\/\/mjlisboa.com\/en\/wp-json\/wp\/v2\/posts\/15756"}],"collection":[{"href":"https:\/\/mjlisboa.com\/en\/wp-json\/wp\/v2\/posts"}],"about":[{"href":"https:\/\/mjlisboa.com\/en\/wp-json\/wp\/v2\/types\/post"}],"author":[{"embeddable":true,"href":"https:\/\/mjlisboa.com\/en\/wp-json\/wp\/v2\/users\/8"}],"replies":[{"embeddable":true,"href":"https:\/\/mjlisboa.com\/en\/wp-json\/wp\/v2\/comments?post=15756"}],"version-history":[{"count":0,"href":"https:\/\/mjlisboa.com\/en\/wp-json\/wp\/v2\/posts\/15756\/revisions"}],"wp:attachment":[{"href":"https:\/\/mjlisboa.com\/en\/wp-json\/wp\/v2\/media?parent=15756"}],"wp:term":[{"taxonomy":"category","embeddable":true,"href":"https:\/\/mjlisboa.com\/en\/wp-json\/wp\/v2\/categories?post=15756"},{"taxonomy":"post_tag","embeddable":true,"href":"https:\/\/mjlisboa.com\/en\/wp-json\/wp\/v2\/tags?post=15756"}],"curies":[{"name":"wp","href":"https:\/\/api.w.org\/{rel}","templated":true}]}}