{"id":16237,"date":"2021-03-31T13:30:09","date_gmt":"2021-03-31T12:30:09","guid":{"rendered":"https:\/\/mjlisboa.com\/museu-judaico-apresentado-hoje-com-doacao-de-2-milhoes-de-berda\/"},"modified":"2021-04-15T20:12:16","modified_gmt":"2021-04-15T19:12:16","slug":"museu-judaico-apresentado-hoje-com-doacao-de-2-milhoes-de-berda","status":"publish","type":"post","link":"https:\/\/mjlisboa.com\/en\/museu-judaico-apresentado-hoje-com-doacao-de-2-milhoes-de-berda\/","title":{"rendered":"Museu Judaico apresentado hoje com doa\u00e7\u00e3o de 2 milh\u00f5es de Berda"},"content":{"rendered":"<div class=\"fusion-fullwidth fullwidth-box fusion-builder-row-1 fusion-flex-container nonhundred-percent-fullwidth non-hundred-percent-height-scrolling\" style=\"background-color: rgba(255,255,255,0);background-position: center center;background-repeat: no-repeat;border-width: 0px 0px 0px 0px;border-color:#eae9e9;border-style:solid;\" ><div class=\"fusion-builder-row fusion-row fusion-flex-align-items-flex-start fusion-flex-justify-content-center\" style=\"max-width:calc( 1280px + 40px );margin-left: calc(-40px \/ 2 );margin-right: calc(-40px \/ 2 );\"><div class=\"fusion-layout-column fusion_builder_column fusion-builder-column-0 fusion_builder_column_3_5 3_5 fusion-flex-column\"><div class=\"fusion-column-wrapper fusion-flex-justify-content-flex-start fusion-content-layout-column\" style=\"background-position:left top;background-repeat:no-repeat;-webkit-background-size:cover;-moz-background-size:cover;-o-background-size:cover;background-size:cover;background-color:rgba(0,0,0,0);padding: 0px 0px 0px 0px;\"><div class=\"fusion-text fusion-text-1\" style=\"font-size:16px;letter-spacing:2px;color:#000000;font-family:&quot;Montserrat&quot;;font-weight:600;\"><p>2021-03-31<br \/>\nDINHEIRO VIVO<\/p>\n<\/div><div class=\"fusion-separator fusion-full-width-sep\" style=\"align-self: center;margin-left: auto;margin-right: auto;margin-top:15px;width:100%;\"><\/div><style type=\"text\/css\">@media only screen and (max-width:1200px) {.fusion-title.fusion-title-1{margin-top:0px!important; margin-right:0px!important;margin-bottom:0px!important;margin-left:0px!important;}}@media only screen and (max-width:640px) {.fusion-title.fusion-title-1{margin-top:0px!important; margin-right:0px!important;margin-bottom:0px!important; margin-left:0px!important;}}<\/style><div class=\"fusion-title title fusion-title-1 fusion-sep-none fusion-title-text fusion-title-size-two\" style=\"font-size:36px;margin-top:0px;margin-right:0px;margin-bottom:0px;margin-left:0px;\"><h2 class=\"title-heading-left\" style=\"margin:0;font-size:1em;line-height:1.2;\">Museu Judaico apresentado hoje com doa\u00e7\u00e3o de 2 milh\u00f5es de Berda<\/h2><\/div><div class=\"fusion-separator fusion-full-width-sep\" style=\"align-self: center;margin-left: auto;margin-right: auto;margin-top:5px;width:100%;\"><\/div><div class=\"fusion-text fusion-text-2\" style=\"font-size:20px;line-height:1.4;\"><p>Em frente ao Tejo, na continuidade de uma das mais bonitas avenidas de Lisboa e com vista para a Torre de Bel\u00e9m e a Funda\u00e7\u00e3o Champalimaud. No n\u00famero 5 da Rua das Hortas, onde a Avenida da \u00cdndia j\u00e1 se fez Bel\u00e9m, vai nascer o TIKVA Museu Judaico de Lisboa, para &#8220;contar a hist\u00f3ria da presen\u00e7a dos judeus no territ\u00f3rio a que hoje chamamos Portugal, nomeadamente Lisboa&#8221;.<\/p>\n<p>O arquiteto mundialmente famoso Daniel Libeskind, apoiado em Portugal pelo atelier Miguel Saraiva+Associados, assina o projeto com grande impacto cultural na cidade de Lisboa, estando previsto que o arranque das obras aconte\u00e7a j\u00e1 no primeiro semestre de 2022 e a abertura de portas se concretize em 2024. <b>Depois de um processo atribulado que culminou com a implos\u00e3o dos planos para que nascesse em Alfama<\/b> &#8211; o projeto, lan\u00e7ado em 2016, foi contestado pelos moradores, e o Tribunal confirmou a proibi\u00e7\u00e3o, em junho de 2019, de demoli\u00e7\u00e3o dos edif\u00edcios que existiam no local -, o Museu Judaico tem finalmente perspetivas de ver a luz do dia.<\/p>\n<p>O projeto conta com uma doa\u00e7\u00e3o de 2 a 4 milh\u00f5es de euros de Claude Berda, dono da Vanguard Properties, e \u00e9 hoje apresentado pelo presidente da C\u00e2mara de Lisboa, Fernando Medina.<\/p>\n<p>Na assinatura do protocolo, marcada para as 12.00 na C\u00e2mara, estar\u00e1 presente a Associa\u00e7\u00e3o Hagad\u00e1 &#8211; associa\u00e7\u00e3o privada sem fins lucrativos dirigida por Esther Mucznik, Jean-Jacques Salomon e Diana Ettner -, institui\u00e7\u00e3o respons\u00e1vel pela cria\u00e7\u00e3o, instala\u00e7\u00e3o e gest\u00e3o do Museu Judaico de Lisboa. Com Medina nos Pa\u00e7os do Concelho, numa cerim\u00f3nia que ter\u00e1 de acontecer sem p\u00fablico, devido \u00e0s restri\u00e7\u00f5es da pandemia, mas ter\u00e1 transmiss\u00e3o online, estar\u00e1 ainda o arquiteto Daniel Liberskind, autor do projeto, e Miguel Saraiva, fundador da Saraiva+Associados, que dar\u00e1 vida ao Museu naquela zona nobre da cidade.<\/p>\n<p>&#8220;N\u00e3o \u00e9 um museu de judeus, mas sim um museu portugu\u00eas que conta a uma hist\u00f3ria espec\u00edfica: a vida dos judeus em Portugal, uma hist\u00f3ria judaica e portuguesa&#8221;, explica a Associa\u00e7\u00e3o Hagad\u00e1, nas suas p\u00e1ginas de redes sociais. &#8220;O que significa que n\u00e3o pode ser abordada de forma separada da Hist\u00f3ria de Portugal.&#8221; Tratar-se-\u00e1 de um local que se constr\u00f3i dos momentos em que os judeus contribu\u00edram para a na\u00e7\u00e3o portuguesa, mostrando como a hist\u00f3ria e a heran\u00e7a judias s\u00e3o parte integrante da Hist\u00f3ria de Portugal.<\/p>\n<\/div><div class=\"fusion-separator fusion-full-width-sep\" style=\"align-self: center;margin-left: auto;margin-right: auto;margin-top:10px;margin-bottom:10px;width:100%;\"><\/div><div class=\"fusion-text fusion-text-3\" style=\"font-size:20px;line-height:1.4;\"><p><strong>O arquiteto que desenvolveu o One World Trade Center<\/strong><\/p>\n<p>A data escolhida para a assinatura do protocolo que marca o arranque do TIKVA &#8211; palavra hebraica que significa esperan\u00e7a e que est\u00e1 tamb\u00e9m associada \u00e0 Sinagoga de Lisboa &#8211; n\u00e3o \u00e9 casual. &#8220;\u00c9 uma data simb\u00f3lica que celebra os 200 anos da extin\u00e7\u00e3o do Tribunal do Santo Of\u00edcio (o instrumento da Inquisi\u00e7\u00e3o foi estabelecido em 1536 e funcionou durante 285 anos, at\u00e9 31 de mar\u00e7o de 1821)&#8221;, concretiza a Associa\u00e7\u00e3o Hagad\u00e1 no comunicado partilhado no Facebook.<\/p>\n<p><span style=\"background-color: rgba(0, 0, 0, 0); color: var(--body_typography-color); font-family: var(--body_typography-font-family); font-style: var(--body_typography-font-style,normal); letter-spacing: var(--body_typography-letter-spacing);\">A constru\u00e7\u00e3o do Museu Judaico em Bel\u00e9m parte de um acordo de direito de superf\u00edcie entre a Associa\u00e7\u00e3o Hagad\u00e1 e a C\u00e2mara Municipal de Lisboa, por 75 anos e renov\u00e1vel. E para a sua edifica\u00e7\u00e3o contar\u00e1, sabe o DN\/Dinheiro Vivo, a contribui\u00e7\u00e3o de Claude Berda e fam\u00edlia. O milion\u00e1rio franc\u00eas que \u00e9 o rosto da Vanguard Properties &#8211; que tem investido com particular interesse na renova\u00e7\u00e3o imobili\u00e1ria de Lisboa e que det\u00e9m o projeto da Comporta com o grupo Amorim &#8211; vai apoiar a constru\u00e7\u00e3o do TIKVA Museu Judaico de Lisboa com 2 milh\u00f5es numa primeira fase do projeto, podendo a sua contribui\u00e7\u00e3o duplicar at\u00e9 ao fim do projeto.<\/span><\/p>\n<p>Se o seu financiamento resultar\u00e1 em grande parte de contribui\u00e7\u00f5es da comunidade israelita, desconhece-se ainda detalhes sobre como ser\u00e1 o Museu ou quanto custar\u00e1 a obra &#8211; mas aqui n\u00e3o se prev\u00eas que haja problemas de demoli\u00e7\u00e3o, uma vez que o terreno j\u00e1 est\u00e1 livre de edif\u00edcios. Aquando dos projetos para Alfama, o investimento total apontado era de cinco milh\u00f5es de euros e seria suportado por fundos da taxa tur\u00edstica e por uma doa\u00e7\u00e3o da Funda\u00e7\u00e3o Lina e Patrick Drahi (fundador e presidente do grupo Altice) no valor de cerca de 1,2 milh\u00f5es de euros.<\/p>\n<p>Nascido na Pol\u00f3nia mas naturalizado americano antes dos 20 anos, Daniel Libeskind, vive em Berlim desde o ano em que caiu o Muro. Conhecido pelos edif\u00edcios angulosos em que dominam a geometria e as linhas vertiginosas, tem no curr\u00edculo v\u00e1rios outros museus e galerias, incluindo o Museu Judaico de Berlim e o Imperial War Museum North, em Manchester. \u00c9 ainda conhecido por ter desenvolvido o projeto One World Trade Center &#8211; antes chamado Freedom Tower -, a torre central do novo complexo World Trade Center, levantado em 2014, no Ground Zero, em homenagem \u00e0s v\u00edtimas do 11 de Setembro no World Trade Center, em Nova Iorque.<\/p>\n<\/div><div class=\"fusion-text fusion-text-4\" style=\"font-size:20px;letter-spacing:1px;font-family:&quot;Spectral SC&quot;;font-weight:500;\"><p>joana petiz<\/p>\n<\/div><div class=\"fusion-separator fusion-full-width-sep\" style=\"align-self: center;margin-left: auto;margin-right: auto;margin-top:15px;width:100%;\"><\/div><div class=\"fusion-text fusion-text-5\" style=\"font-size:18px;color:rgba(45,129,177,0.99);font-family:&quot;Josefin Sans&quot;;\"><p><a href=\"https:\/\/www.dinheirovivo.pt\/economia\/museu-judaico-apresentado-hoje-com-doacao-de-2-milhoes-de-berda-13518849.html\" target=\"_blank\" rel=\"noopener\">&gt; Ver artigo na fonte<\/a><\/p>\n<\/div><\/div><style type=\"text\/css\">.fusion-body .fusion-builder-column-0{width:60% !important;margin-top : 0px;margin-bottom : 0px;}.fusion-builder-column-0 > .fusion-column-wrapper {padding-top : 0 !important;padding-right : 0px !important;margin-right : 0;padding-bottom : 0px !important;padding-left : 0px !important;margin-left : 0;}@media only screen and (max-width:1200px) {.fusion-body .fusion-builder-column-0{width:60% !important;order : 0;}.fusion-builder-column-0 > .fusion-column-wrapper {margin-right : 0;margin-left : 0;}}@media only screen and (max-width:640px) {.fusion-body .fusion-builder-column-0{width:100% !important;order : 0;}.fusion-builder-column-0 > .fusion-column-wrapper {margin-right : 20px;margin-left : 20px;}}<\/style><\/div><\/div><style type=\"text\/css\">.fusion-body .fusion-flex-container.fusion-builder-row-1{ padding-top : 21px;margin-top : 0px;padding-right : 0px;padding-bottom : 0px;margin-bottom : 0px;padding-left : 0px;}<\/style><\/div>\n","protected":false},"excerpt":{"rendered":"<p>TIKVA em Bel\u00e9m Protocolo \u00e9 assinado hoje por Medina e Associa\u00e7\u00e3o Hagad\u00e1. Em Lisboa est\u00e1 o autor do projeto, Daniel Libeskind, apoiado em Portugal pelo atelier Miguel Saraiva+Associados.<\/p>\n","protected":false},"author":8,"featured_media":0,"comment_status":"closed","ping_status":"closed","sticky":false,"template":"","format":"standard","meta":{"_coblocks_attr":"","_coblocks_dimensions":"","_coblocks_responsive_height":"","_coblocks_accordion_ie_support":"","inline_featured_image":false},"categories":[218],"tags":[229],"yoast_head":"<!-- This site is optimized with the Yoast SEO plugin v16.1.1 - https:\/\/yoast.com\/wordpress\/plugins\/seo\/ -->\n<title>Museu Judaico apresentado hoje com doa\u00e7\u00e3o de 2 milh\u00f5es de Berda | Tikva Museu Judaico Lisboa<\/title>\n<link rel=\"canonical\" href=\"https:\/\/mjlisboa.com\/en\/museu-judaico-apresentado-hoje-com-doacao-de-2-milhoes-de-berda\/\" \/>\n<meta property=\"og:locale\" content=\"en_US\" \/>\n<meta property=\"og:type\" content=\"article\" \/>\n<meta property=\"og:title\" content=\"Museu Judaico apresentado hoje com doa\u00e7\u00e3o de 2 milh\u00f5es de Berda | Tikva Museu Judaico Lisboa\" \/>\n<meta property=\"og:description\" content=\"TIKVA em Bel\u00e9m Protocolo \u00e9 assinado hoje por Medina e Associa\u00e7\u00e3o Hagad\u00e1. Em Lisboa est\u00e1 o autor do projeto, Daniel Libeskind, apoiado em Portugal pelo atelier Miguel Saraiva+Associados.\" \/>\n<meta property=\"og:url\" content=\"https:\/\/mjlisboa.com\/en\/museu-judaico-apresentado-hoje-com-doacao-de-2-milhoes-de-berda\/\" \/>\n<meta property=\"og:site_name\" content=\"Tikva Museu Judaico Lisboa\" \/>\n<meta property=\"article:published_time\" content=\"2021-03-31T12:30:09+00:00\" \/>\n<meta property=\"article:modified_time\" content=\"2021-04-15T19:12:16+00:00\" \/>\n<meta name=\"twitter:card\" content=\"summary_large_image\" \/>\n<meta name=\"twitter:label1\" content=\"Est. reading time\">\n\t<meta name=\"twitter:data1\" content=\"9 minutes\">\n<script type=\"application\/ld+json\" class=\"yoast-schema-graph\">{\"@context\":\"https:\/\/schema.org\",\"@graph\":[{\"@type\":\"WebSite\",\"@id\":\"https:\/\/mjlisboa.com\/#website\",\"url\":\"https:\/\/mjlisboa.com\/\",\"name\":\"Tikva Museu Judaico Lisboa\",\"description\":\"Jewish Museum of Lisbon\",\"potentialAction\":[{\"@type\":\"SearchAction\",\"target\":\"https:\/\/mjlisboa.com\/?s={search_term_string}\",\"query-input\":\"required name=search_term_string\"}],\"inLanguage\":\"en-US\"},{\"@type\":\"WebPage\",\"@id\":\"https:\/\/mjlisboa.com\/en\/museu-judaico-apresentado-hoje-com-doacao-de-2-milhoes-de-berda\/#webpage\",\"url\":\"https:\/\/mjlisboa.com\/en\/museu-judaico-apresentado-hoje-com-doacao-de-2-milhoes-de-berda\/\",\"name\":\"Museu Judaico apresentado hoje com doa\\u00e7\\u00e3o de 2 milh\\u00f5es de Berda | Tikva Museu Judaico Lisboa\",\"isPartOf\":{\"@id\":\"https:\/\/mjlisboa.com\/#website\"},\"datePublished\":\"2021-03-31T12:30:09+00:00\",\"dateModified\":\"2021-04-15T19:12:16+00:00\",\"author\":{\"@id\":\"https:\/\/mjlisboa.com\/#\/schema\/person\/9fa86ca433e66bf106e8f7c0ec93c8b6\"},\"breadcrumb\":{\"@id\":\"https:\/\/mjlisboa.com\/en\/museu-judaico-apresentado-hoje-com-doacao-de-2-milhoes-de-berda\/#breadcrumb\"},\"inLanguage\":\"en-US\",\"potentialAction\":[{\"@type\":\"ReadAction\",\"target\":[\"https:\/\/mjlisboa.com\/en\/museu-judaico-apresentado-hoje-com-doacao-de-2-milhoes-de-berda\/\"]}]},{\"@type\":\"BreadcrumbList\",\"@id\":\"https:\/\/mjlisboa.com\/en\/museu-judaico-apresentado-hoje-com-doacao-de-2-milhoes-de-berda\/#breadcrumb\",\"itemListElement\":[{\"@type\":\"ListItem\",\"position\":1,\"item\":{\"@type\":\"WebPage\",\"@id\":\"https:\/\/mjlisboa.com\/\",\"url\":\"https:\/\/mjlisboa.com\/\",\"name\":\"Home\"}},{\"@type\":\"ListItem\",\"position\":2,\"item\":{\"@type\":\"WebPage\",\"@id\":\"https:\/\/mjlisboa.com\/en\/museu-judaico-apresentado-hoje-com-doacao-de-2-milhoes-de-berda\/\",\"url\":\"https:\/\/mjlisboa.com\/en\/museu-judaico-apresentado-hoje-com-doacao-de-2-milhoes-de-berda\/\",\"name\":\"Museu Judaico apresentado hoje com doa\\u00e7\\u00e3o de 2 milh\\u00f5es de Berda\"}}]},{\"@type\":\"Person\",\"@id\":\"https:\/\/mjlisboa.com\/#\/schema\/person\/9fa86ca433e66bf106e8f7c0ec93c8b6\",\"name\":\"Atelier Kahn\",\"image\":{\"@type\":\"ImageObject\",\"@id\":\"https:\/\/mjlisboa.com\/#personlogo\",\"inLanguage\":\"en-US\",\"url\":\"https:\/\/secure.gravatar.com\/avatar\/cbbe8b74b3374cde1a8de055a505f7a1?s=96&d=mm&r=g\",\"contentUrl\":\"https:\/\/secure.gravatar.com\/avatar\/cbbe8b74b3374cde1a8de055a505f7a1?s=96&d=mm&r=g\",\"caption\":\"Atelier Kahn\"}}]}<\/script>\n<!-- \/ Yoast SEO plugin. -->","_links":{"self":[{"href":"https:\/\/mjlisboa.com\/en\/wp-json\/wp\/v2\/posts\/16237"}],"collection":[{"href":"https:\/\/mjlisboa.com\/en\/wp-json\/wp\/v2\/posts"}],"about":[{"href":"https:\/\/mjlisboa.com\/en\/wp-json\/wp\/v2\/types\/post"}],"author":[{"embeddable":true,"href":"https:\/\/mjlisboa.com\/en\/wp-json\/wp\/v2\/users\/8"}],"replies":[{"embeddable":true,"href":"https:\/\/mjlisboa.com\/en\/wp-json\/wp\/v2\/comments?post=16237"}],"version-history":[{"count":0,"href":"https:\/\/mjlisboa.com\/en\/wp-json\/wp\/v2\/posts\/16237\/revisions"}],"wp:attachment":[{"href":"https:\/\/mjlisboa.com\/en\/wp-json\/wp\/v2\/media?parent=16237"}],"wp:term":[{"taxonomy":"category","embeddable":true,"href":"https:\/\/mjlisboa.com\/en\/wp-json\/wp\/v2\/categories?post=16237"},{"taxonomy":"post_tag","embeddable":true,"href":"https:\/\/mjlisboa.com\/en\/wp-json\/wp\/v2\/tags?post=16237"}],"curies":[{"name":"wp","href":"https:\/\/api.w.org\/{rel}","templated":true}]}}