{"id":16240,"date":"2021-03-31T13:00:50","date_gmt":"2021-03-31T12:00:50","guid":{"rendered":"https:\/\/mjlisboa.com\/frances-claude-berda-vai-investir-ate-quatro-milhoes-no-museu-judaico-de-lisboa\/"},"modified":"2021-04-15T20:08:20","modified_gmt":"2021-04-15T19:08:20","slug":"frances-claude-berda-vai-investir-ate-quatro-milhoes-no-museu-judaico-de-lisboa","status":"publish","type":"post","link":"https:\/\/mjlisboa.com\/en\/frances-claude-berda-vai-investir-ate-quatro-milhoes-no-museu-judaico-de-lisboa\/","title":{"rendered":"Franc\u00eas Claude Berda vai investir at\u00e9 quatro milh\u00f5es no Museu Judaico de Lisboa"},"content":{"rendered":"<div class=\"fusion-fullwidth fullwidth-box fusion-builder-row-1 fusion-flex-container nonhundred-percent-fullwidth non-hundred-percent-height-scrolling\" style=\"background-color: rgba(255,255,255,0);background-position: center center;background-repeat: no-repeat;border-width: 0px 0px 0px 0px;border-color:#eae9e9;border-style:solid;\" ><div class=\"fusion-builder-row fusion-row fusion-flex-align-items-flex-start fusion-flex-justify-content-center\" style=\"max-width:calc( 1280px + 40px );margin-left: calc(-40px \/ 2 );margin-right: calc(-40px \/ 2 );\"><div class=\"fusion-layout-column fusion_builder_column fusion-builder-column-0 fusion_builder_column_3_5 3_5 fusion-flex-column\"><div class=\"fusion-column-wrapper fusion-flex-justify-content-flex-start fusion-content-layout-column\" style=\"background-position:left top;background-repeat:no-repeat;-webkit-background-size:cover;-moz-background-size:cover;-o-background-size:cover;background-size:cover;background-color:rgba(0,0,0,0);padding: 0px 0px 0px 0px;\"><div class=\"fusion-text fusion-text-1\" style=\"font-size:16px;letter-spacing:2px;color:#000000;font-family:&quot;Montserrat&quot;;font-weight:600;\"><p>2021-03-31<br \/>\nECO<\/p>\n<\/div><div class=\"fusion-separator fusion-full-width-sep\" style=\"align-self: center;margin-left: auto;margin-right: auto;margin-top:15px;width:100%;\"><\/div><style type=\"text\/css\">@media only screen and (max-width:1200px) {.fusion-title.fusion-title-1{margin-top:0px!important; margin-right:0px!important;margin-bottom:0px!important;margin-left:0px!important;}}@media only screen and (max-width:640px) {.fusion-title.fusion-title-1{margin-top:0px!important; margin-right:0px!important;margin-bottom:0px!important; margin-left:0px!important;}}<\/style><div class=\"fusion-title title fusion-title-1 fusion-sep-none fusion-title-text fusion-title-size-two\" style=\"font-size:36px;margin-top:0px;margin-right:0px;margin-bottom:0px;margin-left:0px;\"><h2 class=\"title-heading-left\" style=\"margin:0;font-size:1em;line-height:1.2;\">Franc\u00eas Claude Berda vai investir at\u00e9 quatro milh\u00f5es no Museu Judaico de Lisboa<\/h2><\/div><div class=\"fusion-separator fusion-full-width-sep\" style=\"align-self: center;margin-left: auto;margin-right: auto;margin-top:5px;width:100%;\"><\/div><div class=\"fusion-text fusion-text-2\" style=\"font-size:20px;line-height:1.4;\"><p>O milion\u00e1rio franc\u00eas Claude Berda, dono da Herdade da Comporta, vai investir at\u00e9 quatro milh\u00f5es de euros na constru\u00e7\u00e3o do Museu Judaico de Lisboa, sabe o ECO. Este projeto, que nasce de uma parceria com a C\u00e2mara de Lisboa (CML) e com a Associa\u00e7\u00e3o Hadag\u00e1, dever\u00e1 ficar <b>conclu\u00eddo em 2024 e vai custar mais de 15,5 milh\u00f5es de euros.<\/b><\/p>\n<p>\u00c9 entre a Avenida da \u00cdndia e a Rua das Hortas, em Bel\u00e9m, que vai nascer o Museu Judaico de Lisboa. O edif\u00edcio ter\u00e1 uma \u00e1rea de <b>3.869 metros quadrados<\/b> e come\u00e7ar\u00e1 a ser constru\u00eddo no primeiro semestre de 2022, estimando-se que fique conclu\u00eddo dois anos depois. O museu vai ser desenhado pelo conhecido arquiteto Daniel Libeskind, que ser\u00e1 apoiado em Portugal pelo ateli\u00ea Miguel Saraiva e Associados.<\/p>\n<p>O projeto, apurou o ECO, vai <b>custar mais de 15,5 milh\u00f5es de euros, dos quais dois milh\u00f5es de euros vir\u00e3o do franc\u00eas Claude Berda.<\/b> Mas este ser\u00e1 apenas o investimento inicial, uma vez que o milion\u00e1rio admite a hip\u00f3tese de investir outros dois milh\u00f5es de euros numa fase posterior.<\/p>\n<p>O TIKV\u00c1 [esperan\u00e7a] Museu Judaico de Lisboa vai contar a hist\u00f3ria dos judeus em Portugal, explica a autarquia em comunicado. Vai nascer de uma parceria entre a C\u00e2mara de Lisboa e a Associa\u00e7\u00e3o Hagad\u00e1 e o <b>protocolo ser\u00e1 assinado e apresentado esta quarta-feira<\/b>. Em causa est\u00e1 o direito de superf\u00edcie daqueles terrenos por um prazo de 75 anos.<\/p>\n<\/div><div class=\"fusion-text fusion-text-3\" style=\"font-size:20px;letter-spacing:1px;font-family:&quot;Spectral SC&quot;;font-weight:500;\"><p>rita neto<\/p>\n<\/div><div class=\"fusion-separator fusion-full-width-sep\" style=\"align-self: center;margin-left: auto;margin-right: auto;margin-top:15px;width:100%;\"><\/div><div class=\"fusion-text fusion-text-4\" style=\"font-size:18px;color:rgba(45,129,177,0.99);font-family:&quot;Josefin Sans&quot;;\"><p><a href=\"https:\/\/eco.sapo.pt\/2021\/03\/31\/frances-claude-berda-vai-investir-ate-quatro-milhoes-no-museu-judaico-de-lisboa\/\" target=\"_blank\" rel=\"noopener\">&gt; Ver artigo na fonte<\/a><\/p>\n<\/div><\/div><style type=\"text\/css\">.fusion-body .fusion-builder-column-0{width:60% !important;margin-top : 0px;margin-bottom : 0px;}.fusion-builder-column-0 > .fusion-column-wrapper {padding-top : 0 !important;padding-right : 0px !important;margin-right : 0;padding-bottom : 0px !important;padding-left : 0px !important;margin-left : 0;}@media only screen and (max-width:1200px) {.fusion-body .fusion-builder-column-0{width:60% !important;order : 0;}.fusion-builder-column-0 > .fusion-column-wrapper {margin-right : 0;margin-left : 0;}}@media only screen and (max-width:640px) {.fusion-body .fusion-builder-column-0{width:100% !important;order : 0;}.fusion-builder-column-0 > .fusion-column-wrapper {margin-right : 20px;margin-left : 20px;}}<\/style><\/div><\/div><style type=\"text\/css\">.fusion-body .fusion-flex-container.fusion-builder-row-1{ padding-top : 21px;margin-top : 0px;padding-right : 0px;padding-bottom : 0px;margin-bottom : 0px;padding-left : 0px;}<\/style><\/div>\n","protected":false},"excerpt":{"rendered":"<p>O milion\u00e1rio franc\u00eas, dono da Herdade da Comporta, vai investir dois milh\u00f5es de euros numa primeira fase da constru\u00e7\u00e3o do Museu Judaico de Lisboa.<\/p>\n","protected":false},"author":8,"featured_media":0,"comment_status":"closed","ping_status":"closed","sticky":false,"template":"","format":"standard","meta":{"_coblocks_attr":"","_coblocks_dimensions":"","_coblocks_responsive_height":"","_coblocks_accordion_ie_support":"","inline_featured_image":false},"categories":[218],"tags":[230],"yoast_head":"<!-- This site is optimized with the Yoast SEO plugin v16.1.1 - https:\/\/yoast.com\/wordpress\/plugins\/seo\/ -->\n<title>Franc\u00eas Claude Berda vai investir at\u00e9 quatro milh\u00f5es no Museu Judaico de Lisboa | Tikva Museu Judaico Lisboa<\/title>\n<link rel=\"canonical\" href=\"https:\/\/mjlisboa.com\/en\/frances-claude-berda-vai-investir-ate-quatro-milhoes-no-museu-judaico-de-lisboa\/\" \/>\n<meta property=\"og:locale\" content=\"en_US\" \/>\n<meta property=\"og:type\" content=\"article\" \/>\n<meta property=\"og:title\" content=\"Franc\u00eas Claude Berda vai investir at\u00e9 quatro milh\u00f5es no Museu Judaico de Lisboa | Tikva Museu Judaico Lisboa\" \/>\n<meta property=\"og:description\" content=\"O milion\u00e1rio franc\u00eas, dono da Herdade da Comporta, vai investir dois milh\u00f5es de euros numa primeira fase da constru\u00e7\u00e3o do Museu Judaico de Lisboa.\" \/>\n<meta property=\"og:url\" content=\"https:\/\/mjlisboa.com\/en\/frances-claude-berda-vai-investir-ate-quatro-milhoes-no-museu-judaico-de-lisboa\/\" \/>\n<meta property=\"og:site_name\" content=\"Tikva Museu Judaico Lisboa\" \/>\n<meta property=\"article:published_time\" content=\"2021-03-31T12:00:50+00:00\" \/>\n<meta property=\"article:modified_time\" content=\"2021-04-15T19:08:20+00:00\" \/>\n<meta name=\"twitter:card\" content=\"summary_large_image\" \/>\n<meta name=\"twitter:label1\" content=\"Est. reading time\">\n\t<meta name=\"twitter:data1\" content=\"6 minutes\">\n<script type=\"application\/ld+json\" class=\"yoast-schema-graph\">{\"@context\":\"https:\/\/schema.org\",\"@graph\":[{\"@type\":\"WebSite\",\"@id\":\"https:\/\/mjlisboa.com\/#website\",\"url\":\"https:\/\/mjlisboa.com\/\",\"name\":\"Tikva Museu Judaico Lisboa\",\"description\":\"Jewish Museum of Lisbon\",\"potentialAction\":[{\"@type\":\"SearchAction\",\"target\":\"https:\/\/mjlisboa.com\/?s={search_term_string}\",\"query-input\":\"required name=search_term_string\"}],\"inLanguage\":\"en-US\"},{\"@type\":\"WebPage\",\"@id\":\"https:\/\/mjlisboa.com\/en\/frances-claude-berda-vai-investir-ate-quatro-milhoes-no-museu-judaico-de-lisboa\/#webpage\",\"url\":\"https:\/\/mjlisboa.com\/en\/frances-claude-berda-vai-investir-ate-quatro-milhoes-no-museu-judaico-de-lisboa\/\",\"name\":\"Franc\\u00eas Claude Berda vai investir at\\u00e9 quatro milh\\u00f5es no Museu Judaico de Lisboa | Tikva Museu Judaico Lisboa\",\"isPartOf\":{\"@id\":\"https:\/\/mjlisboa.com\/#website\"},\"datePublished\":\"2021-03-31T12:00:50+00:00\",\"dateModified\":\"2021-04-15T19:08:20+00:00\",\"author\":{\"@id\":\"https:\/\/mjlisboa.com\/#\/schema\/person\/9fa86ca433e66bf106e8f7c0ec93c8b6\"},\"breadcrumb\":{\"@id\":\"https:\/\/mjlisboa.com\/en\/frances-claude-berda-vai-investir-ate-quatro-milhoes-no-museu-judaico-de-lisboa\/#breadcrumb\"},\"inLanguage\":\"en-US\",\"potentialAction\":[{\"@type\":\"ReadAction\",\"target\":[\"https:\/\/mjlisboa.com\/en\/frances-claude-berda-vai-investir-ate-quatro-milhoes-no-museu-judaico-de-lisboa\/\"]}]},{\"@type\":\"BreadcrumbList\",\"@id\":\"https:\/\/mjlisboa.com\/en\/frances-claude-berda-vai-investir-ate-quatro-milhoes-no-museu-judaico-de-lisboa\/#breadcrumb\",\"itemListElement\":[{\"@type\":\"ListItem\",\"position\":1,\"item\":{\"@type\":\"WebPage\",\"@id\":\"https:\/\/mjlisboa.com\/\",\"url\":\"https:\/\/mjlisboa.com\/\",\"name\":\"Home\"}},{\"@type\":\"ListItem\",\"position\":2,\"item\":{\"@type\":\"WebPage\",\"@id\":\"https:\/\/mjlisboa.com\/en\/frances-claude-berda-vai-investir-ate-quatro-milhoes-no-museu-judaico-de-lisboa\/\",\"url\":\"https:\/\/mjlisboa.com\/en\/frances-claude-berda-vai-investir-ate-quatro-milhoes-no-museu-judaico-de-lisboa\/\",\"name\":\"Franc\\u00eas Claude Berda vai investir at\\u00e9 quatro milh\\u00f5es no Museu Judaico de Lisboa\"}}]},{\"@type\":\"Person\",\"@id\":\"https:\/\/mjlisboa.com\/#\/schema\/person\/9fa86ca433e66bf106e8f7c0ec93c8b6\",\"name\":\"Atelier Kahn\",\"image\":{\"@type\":\"ImageObject\",\"@id\":\"https:\/\/mjlisboa.com\/#personlogo\",\"inLanguage\":\"en-US\",\"url\":\"https:\/\/secure.gravatar.com\/avatar\/cbbe8b74b3374cde1a8de055a505f7a1?s=96&d=mm&r=g\",\"contentUrl\":\"https:\/\/secure.gravatar.com\/avatar\/cbbe8b74b3374cde1a8de055a505f7a1?s=96&d=mm&r=g\",\"caption\":\"Atelier Kahn\"}}]}<\/script>\n<!-- \/ Yoast SEO plugin. -->","_links":{"self":[{"href":"https:\/\/mjlisboa.com\/en\/wp-json\/wp\/v2\/posts\/16240"}],"collection":[{"href":"https:\/\/mjlisboa.com\/en\/wp-json\/wp\/v2\/posts"}],"about":[{"href":"https:\/\/mjlisboa.com\/en\/wp-json\/wp\/v2\/types\/post"}],"author":[{"embeddable":true,"href":"https:\/\/mjlisboa.com\/en\/wp-json\/wp\/v2\/users\/8"}],"replies":[{"embeddable":true,"href":"https:\/\/mjlisboa.com\/en\/wp-json\/wp\/v2\/comments?post=16240"}],"version-history":[{"count":0,"href":"https:\/\/mjlisboa.com\/en\/wp-json\/wp\/v2\/posts\/16240\/revisions"}],"wp:attachment":[{"href":"https:\/\/mjlisboa.com\/en\/wp-json\/wp\/v2\/media?parent=16240"}],"wp:term":[{"taxonomy":"category","embeddable":true,"href":"https:\/\/mjlisboa.com\/en\/wp-json\/wp\/v2\/categories?post=16240"},{"taxonomy":"post_tag","embeddable":true,"href":"https:\/\/mjlisboa.com\/en\/wp-json\/wp\/v2\/tags?post=16240"}],"curies":[{"name":"wp","href":"https:\/\/api.w.org\/{rel}","templated":true}]}}