{"id":16454,"date":"2021-03-31T21:00:47","date_gmt":"2021-03-31T20:00:47","guid":{"rendered":"https:\/\/mjlisboa.com\/museu-judaico-de-lisboa-sera-construido-em-belem\/"},"modified":"2021-04-15T19:13:31","modified_gmt":"2021-04-15T18:13:31","slug":"museu-judaico-de-lisboa-sera-construido-em-belem","status":"publish","type":"post","link":"https:\/\/mjlisboa.com\/en\/museu-judaico-de-lisboa-sera-construido-em-belem\/","title":{"rendered":"Museu Judaico de Lisboa ser\u00e1 constru\u00eddo em Bel\u00e9m"},"content":{"rendered":"<div class=\"fusion-fullwidth fullwidth-box fusion-builder-row-1 fusion-flex-container nonhundred-percent-fullwidth non-hundred-percent-height-scrolling\" style=\"background-color: rgba(255,255,255,0);background-position: center center;background-repeat: no-repeat;border-width: 0px 0px 0px 0px;border-color:#eae9e9;border-style:solid;\" ><div class=\"fusion-builder-row fusion-row fusion-flex-align-items-flex-start fusion-flex-justify-content-center\" style=\"max-width:calc( 1280px + 40px );margin-left: calc(-40px \/ 2 );margin-right: calc(-40px \/ 2 );\"><div class=\"fusion-layout-column fusion_builder_column fusion-builder-column-0 fusion_builder_column_3_5 3_5 fusion-flex-column\"><div class=\"fusion-column-wrapper fusion-flex-justify-content-flex-start fusion-content-layout-column\" style=\"background-position:left top;background-repeat:no-repeat;-webkit-background-size:cover;-moz-background-size:cover;-o-background-size:cover;background-size:cover;background-color:rgba(0,0,0,0);padding: 0px 0px 0px 0px;\"><div class=\"fusion-text fusion-text-1\" style=\"font-size:16px;letter-spacing:2px;color:#000000;font-family:&quot;Montserrat&quot;;font-weight:600;\"><p>2021-03-31<br \/>\nC\u00c2MARA MUNICIPAL DE LISBOA<\/p>\n<\/div><div class=\"fusion-separator fusion-full-width-sep\" style=\"align-self: center;margin-left: auto;margin-right: auto;margin-top:15px;width:100%;\"><\/div><style type=\"text\/css\">@media only screen and (max-width:1200px) {.fusion-title.fusion-title-1{margin-top:0px!important; margin-right:0px!important;margin-bottom:0px!important;margin-left:0px!important;}}@media only screen and (max-width:640px) {.fusion-title.fusion-title-1{margin-top:0px!important; margin-right:0px!important;margin-bottom:0px!important; margin-left:0px!important;}}<\/style><div class=\"fusion-title title fusion-title-1 fusion-sep-none fusion-title-text fusion-title-size-two\" style=\"font-size:36px;margin-top:0px;margin-right:0px;margin-bottom:0px;margin-left:0px;\"><h2 class=\"title-heading-left\" style=\"margin:0;font-size:1em;line-height:1.2;\">Museu Judaico de Lisboa ser\u00e1 constru\u00eddo em Bel\u00e9m<\/h2><\/div><div class=\"fusion-separator fusion-full-width-sep\" style=\"align-self: center;margin-left: auto;margin-right: auto;margin-top:5px;width:100%;\"><\/div><div class=\"fusion-text fusion-text-2\" style=\"font-size:20px;line-height:1.4;\"><p>A cerim\u00f3nia decorreu numa data simb\u00f3lica, em que se assinala o segundo centen\u00e1rio da aboli\u00e7\u00e3o do Tribunal da Inquisi\u00e7\u00e3o, lembrou a presidente da Associa\u00e7\u00e3o Hagad\u00e1, Esther Mucznik.<\/p>\n<p>Um \u201cper\u00edodo de escurid\u00e3o\u201d, salientou, que ser\u00e1 tamb\u00e9m lembrado no museu, dedicado \u201csobretudo\u201d \u00e0 \u201cparte luminosa\u201d da hist\u00f3ria do povo judaico.<\/p>\n<p>Com uma \u00e1rea aproximada de 4 mil m2, o Tikv\u00e1, que significa esperan\u00e7a em hebraico, vai retratar os quase dois mil anos de hist\u00f3ria do juda\u00edsmo em Portugal, pretendendo preservar e divulgar a mem\u00f3ria e a viv\u00eancia judaica, e valorizar as diferen\u00e7as culturais, promovendo a integra\u00e7\u00e3o inter-religiosa.<\/p>\n<p>Daniel Libeskind, \u00e9 o arquiteto respons\u00e1vel pelo desenvolvimento do Museu Judaico em Lisboa. Desenhou os museus judaicos de Berlim, S\u00e3o Francisco e Copenhaga, bem como os memoriais do Holocausto nos Pa\u00edses Baixos, no Canad\u00e1 e nos Estados Unidos e a reconvers\u00e3o do Ground Zero, em Nova Iorque.<\/p>\n<\/div><div class=\"fusion-separator fusion-full-width-sep\" style=\"align-self: center;margin-left: auto;margin-right: auto;margin-top:10px;margin-bottom:10px;width:100%;\"><\/div><div class=\"fusion-text fusion-text-3\" style=\"font-size:20px;line-height:1.4;\"><p><b style=\"color: var(--body_typography-color); font-family: var(--body_typography-font-family); font-style: var(--body_typography-font-style,normal); letter-spacing: var(--body_typography-letter-spacing);\">Museu e memorial de homenagem ao povo judaico<\/b><\/p>\n<p>O museu representa um ponto de partida \u201cpara nos mostrarmos de forma mais plena como comunidade\u201d, e mostrar ao mundo uma hist\u00f3ria milenar, afirmou Fernando Medina.<\/p>\n<p>Para o presidente da C\u00e2mara Municipal de Lisboa, o futuro espa\u00e7o permite \u201cfazer uma afirma\u00e7\u00e3o pol\u00edtica muito clara\u201d: Lisboa vai bater-se pelos valores da conviv\u00eancia de culturas, e do respeito m\u00fatuo, como \u201celemento chave de uma sociedade\u201d.<\/p>\n<p>Al\u00e9m do museu, adiantou Fernando Medina, a C\u00e2mara aprovou transformar o local onde esteve prevista a sua constru\u00e7\u00e3o, num memorial de homenagem ao povo judaico.<\/p>\n<p>O memorial ser\u00e1 erigido no Largo de S\u00e3o Miguel, em Alfama, perto da mais antiga judiaria que existiu em Lisboa, na Idade M\u00e9dia.<\/p>\n<\/div><div class=\"fusion-separator fusion-full-width-sep\" style=\"align-self: center;margin-left: auto;margin-right: auto;margin-top:15px;width:100%;\"><\/div><div class=\"fusion-text fusion-text-4\" style=\"font-size:18px;color:rgba(45,129,177,0.99);font-family:&quot;Josefin Sans&quot;;\"><p><a href=\"https:\/\/www.lisboa.pt\/atualidade\/noticias\/detalhe\/museu-judaico-de-lisboa-sera-construido-em-belem\" target=\"_blank\" rel=\"noopener\">&gt; Ver artigo na fonte<\/a><\/p>\n<\/div><\/div><style type=\"text\/css\">.fusion-body .fusion-builder-column-0{width:60% !important;margin-top : 0px;margin-bottom : 0px;}.fusion-builder-column-0 > .fusion-column-wrapper {padding-top : 0 !important;padding-right : 0px !important;margin-right : 0;padding-bottom : 0px !important;padding-left : 0px !important;margin-left : 0;}@media only screen and (max-width:1200px) {.fusion-body .fusion-builder-column-0{width:60% !important;order : 0;}.fusion-builder-column-0 > .fusion-column-wrapper {margin-right : 0;margin-left : 0;}}@media only screen and (max-width:640px) {.fusion-body .fusion-builder-column-0{width:100% !important;order : 0;}.fusion-builder-column-0 > .fusion-column-wrapper {margin-right : 20px;margin-left : 20px;}}<\/style><\/div><\/div><style type=\"text\/css\">.fusion-body .fusion-flex-container.fusion-builder-row-1{ padding-top : 21px;margin-top : 0px;padding-right : 0px;padding-bottom : 0px;margin-bottom : 0px;padding-left : 0px;}<\/style><\/div>\n","protected":false},"excerpt":{"rendered":"<p>O protocolo entre a C\u00e2mara Municipal de Lisboa e a Associa\u00e7\u00e3o Hagad\u00e1, para a instala\u00e7\u00e3o do museu, foi assinado hoje, 31 de mar\u00e7o. Al\u00e9m do futuro espa\u00e7o cultural, foi ainda anunciada a constru\u00e7\u00e3o de um memorial de homenagem ao povo judaico, no Largo de S\u00e3o Miguel, em Alfama.<\/p>\n","protected":false},"author":8,"featured_media":0,"comment_status":"closed","ping_status":"closed","sticky":false,"template":"","format":"standard","meta":{"_coblocks_attr":"","_coblocks_dimensions":"","_coblocks_responsive_height":"","_coblocks_accordion_ie_support":"","inline_featured_image":false},"categories":[218],"tags":[234],"yoast_head":"<!-- This site is optimized with the Yoast SEO plugin v16.1.1 - https:\/\/yoast.com\/wordpress\/plugins\/seo\/ -->\n<title>Museu Judaico de Lisboa ser\u00e1 constru\u00eddo em Bel\u00e9m | Tikva Museu Judaico Lisboa<\/title>\n<link rel=\"canonical\" href=\"https:\/\/mjlisboa.com\/en\/museu-judaico-de-lisboa-sera-construido-em-belem\/\" \/>\n<meta property=\"og:locale\" content=\"en_US\" \/>\n<meta property=\"og:type\" content=\"article\" \/>\n<meta property=\"og:title\" content=\"Museu Judaico de Lisboa ser\u00e1 constru\u00eddo em Bel\u00e9m | Tikva Museu Judaico Lisboa\" \/>\n<meta property=\"og:description\" content=\"O protocolo entre a C\u00e2mara Municipal de Lisboa e a Associa\u00e7\u00e3o Hagad\u00e1, para a instala\u00e7\u00e3o do museu, foi assinado hoje, 31 de mar\u00e7o. Al\u00e9m do futuro espa\u00e7o cultural, foi ainda anunciada a constru\u00e7\u00e3o de um memorial de homenagem ao povo judaico, no Largo de S\u00e3o Miguel, em Alfama.\" \/>\n<meta property=\"og:url\" content=\"https:\/\/mjlisboa.com\/en\/museu-judaico-de-lisboa-sera-construido-em-belem\/\" \/>\n<meta property=\"og:site_name\" content=\"Tikva Museu Judaico Lisboa\" \/>\n<meta property=\"article:published_time\" content=\"2021-03-31T20:00:47+00:00\" \/>\n<meta property=\"article:modified_time\" content=\"2021-04-15T18:13:31+00:00\" \/>\n<meta name=\"twitter:card\" content=\"summary_large_image\" \/>\n<meta name=\"twitter:label1\" content=\"Est. reading time\">\n\t<meta name=\"twitter:data1\" content=\"6 minutes\">\n<script type=\"application\/ld+json\" class=\"yoast-schema-graph\">{\"@context\":\"https:\/\/schema.org\",\"@graph\":[{\"@type\":\"WebSite\",\"@id\":\"https:\/\/mjlisboa.com\/#website\",\"url\":\"https:\/\/mjlisboa.com\/\",\"name\":\"Tikva Museu Judaico Lisboa\",\"description\":\"Jewish Museum of Lisbon\",\"potentialAction\":[{\"@type\":\"SearchAction\",\"target\":\"https:\/\/mjlisboa.com\/?s={search_term_string}\",\"query-input\":\"required name=search_term_string\"}],\"inLanguage\":\"en-US\"},{\"@type\":\"WebPage\",\"@id\":\"https:\/\/mjlisboa.com\/en\/museu-judaico-de-lisboa-sera-construido-em-belem\/#webpage\",\"url\":\"https:\/\/mjlisboa.com\/en\/museu-judaico-de-lisboa-sera-construido-em-belem\/\",\"name\":\"Museu Judaico de Lisboa ser\\u00e1 constru\\u00eddo em Bel\\u00e9m | Tikva Museu Judaico Lisboa\",\"isPartOf\":{\"@id\":\"https:\/\/mjlisboa.com\/#website\"},\"datePublished\":\"2021-03-31T20:00:47+00:00\",\"dateModified\":\"2021-04-15T18:13:31+00:00\",\"author\":{\"@id\":\"https:\/\/mjlisboa.com\/#\/schema\/person\/9fa86ca433e66bf106e8f7c0ec93c8b6\"},\"breadcrumb\":{\"@id\":\"https:\/\/mjlisboa.com\/en\/museu-judaico-de-lisboa-sera-construido-em-belem\/#breadcrumb\"},\"inLanguage\":\"en-US\",\"potentialAction\":[{\"@type\":\"ReadAction\",\"target\":[\"https:\/\/mjlisboa.com\/en\/museu-judaico-de-lisboa-sera-construido-em-belem\/\"]}]},{\"@type\":\"BreadcrumbList\",\"@id\":\"https:\/\/mjlisboa.com\/en\/museu-judaico-de-lisboa-sera-construido-em-belem\/#breadcrumb\",\"itemListElement\":[{\"@type\":\"ListItem\",\"position\":1,\"item\":{\"@type\":\"WebPage\",\"@id\":\"https:\/\/mjlisboa.com\/\",\"url\":\"https:\/\/mjlisboa.com\/\",\"name\":\"Home\"}},{\"@type\":\"ListItem\",\"position\":2,\"item\":{\"@type\":\"WebPage\",\"@id\":\"https:\/\/mjlisboa.com\/en\/museu-judaico-de-lisboa-sera-construido-em-belem\/\",\"url\":\"https:\/\/mjlisboa.com\/en\/museu-judaico-de-lisboa-sera-construido-em-belem\/\",\"name\":\"Museu Judaico de Lisboa ser\\u00e1 constru\\u00eddo em Bel\\u00e9m\"}}]},{\"@type\":\"Person\",\"@id\":\"https:\/\/mjlisboa.com\/#\/schema\/person\/9fa86ca433e66bf106e8f7c0ec93c8b6\",\"name\":\"Atelier Kahn\",\"image\":{\"@type\":\"ImageObject\",\"@id\":\"https:\/\/mjlisboa.com\/#personlogo\",\"inLanguage\":\"en-US\",\"url\":\"https:\/\/secure.gravatar.com\/avatar\/cbbe8b74b3374cde1a8de055a505f7a1?s=96&d=mm&r=g\",\"contentUrl\":\"https:\/\/secure.gravatar.com\/avatar\/cbbe8b74b3374cde1a8de055a505f7a1?s=96&d=mm&r=g\",\"caption\":\"Atelier Kahn\"}}]}<\/script>\n<!-- \/ Yoast SEO plugin. -->","_links":{"self":[{"href":"https:\/\/mjlisboa.com\/en\/wp-json\/wp\/v2\/posts\/16454"}],"collection":[{"href":"https:\/\/mjlisboa.com\/en\/wp-json\/wp\/v2\/posts"}],"about":[{"href":"https:\/\/mjlisboa.com\/en\/wp-json\/wp\/v2\/types\/post"}],"author":[{"embeddable":true,"href":"https:\/\/mjlisboa.com\/en\/wp-json\/wp\/v2\/users\/8"}],"replies":[{"embeddable":true,"href":"https:\/\/mjlisboa.com\/en\/wp-json\/wp\/v2\/comments?post=16454"}],"version-history":[{"count":0,"href":"https:\/\/mjlisboa.com\/en\/wp-json\/wp\/v2\/posts\/16454\/revisions"}],"wp:attachment":[{"href":"https:\/\/mjlisboa.com\/en\/wp-json\/wp\/v2\/media?parent=16454"}],"wp:term":[{"taxonomy":"category","embeddable":true,"href":"https:\/\/mjlisboa.com\/en\/wp-json\/wp\/v2\/categories?post=16454"},{"taxonomy":"post_tag","embeddable":true,"href":"https:\/\/mjlisboa.com\/en\/wp-json\/wp\/v2\/tags?post=16454"}],"curies":[{"name":"wp","href":"https:\/\/api.w.org\/{rel}","templated":true}]}}