{"id":16463,"date":"2021-03-31T21:10:07","date_gmt":"2021-03-31T20:10:07","guid":{"rendered":"https:\/\/mjlisboa.com\/lisboa-cidade-judaica-tambem\/"},"modified":"2021-04-16T15:06:28","modified_gmt":"2021-04-16T14:06:28","slug":"lisboa-cidade-judaica-tambem","status":"publish","type":"post","link":"https:\/\/mjlisboa.com\/en\/lisboa-cidade-judaica-tambem\/","title":{"rendered":"Lisboa, cidade judaica&#8230; tamb\u00e9m"},"content":{"rendered":"<div class=\"fusion-fullwidth fullwidth-box fusion-builder-row-1 fusion-flex-container nonhundred-percent-fullwidth non-hundred-percent-height-scrolling\" style=\"background-color: rgba(255,255,255,0);background-position: center center;background-repeat: no-repeat;border-width: 0px 0px 0px 0px;border-color:#eae9e9;border-style:solid;\" ><div class=\"fusion-builder-row fusion-row fusion-flex-align-items-flex-start fusion-flex-justify-content-center\" style=\"max-width:calc( 1280px + 40px );margin-left: calc(-40px \/ 2 );margin-right: calc(-40px \/ 2 );\"><div class=\"fusion-layout-column fusion_builder_column fusion-builder-column-0 fusion_builder_column_3_5 3_5 fusion-flex-column\"><div class=\"fusion-column-wrapper fusion-flex-justify-content-flex-start fusion-content-layout-column\" style=\"background-position:left top;background-repeat:no-repeat;-webkit-background-size:cover;-moz-background-size:cover;-o-background-size:cover;background-size:cover;background-color:rgba(0,0,0,0);padding: 0px 0px 0px 0px;\"><div class=\"fusion-text fusion-text-1\" style=\"font-size:16px;letter-spacing:2px;color:#000000;font-family:&quot;Montserrat&quot;;font-weight:600;\"><p>2021-03-31<br \/>\nDI\u00c1RIO DE NOT\u00cdCIAS<\/p>\n<\/div><div class=\"fusion-separator fusion-full-width-sep\" style=\"align-self: center;margin-left: auto;margin-right: auto;margin-top:15px;width:100%;\"><\/div><style type=\"text\/css\">@media only screen and (max-width:1200px) {.fusion-title.fusion-title-1{margin-top:0px!important; margin-right:0px!important;margin-bottom:0px!important;margin-left:0px!important;}}@media only screen and (max-width:640px) {.fusion-title.fusion-title-1{margin-top:0px!important; margin-right:0px!important;margin-bottom:0px!important; margin-left:0px!important;}}<\/style><div class=\"fusion-title title fusion-title-1 fusion-sep-none fusion-title-text fusion-title-size-two\" style=\"font-size:36px;margin-top:0px;margin-right:0px;margin-bottom:0px;margin-left:0px;\"><h2 class=\"title-heading-left\" style=\"margin:0;font-size:1em;line-height:1.2;\">Lisboa, cidade judaica&#8230; tamb\u00e9m<\/h2><\/div><div class=\"fusion-separator fusion-full-width-sep\" style=\"align-self: center;margin-left: auto;margin-right: auto;margin-top:5px;width:100%;\"><\/div><div class=\"fusion-text fusion-text-2\" style=\"font-size:20px;line-height:1.4;\"><p>Ao saber que o futuro Museu Judaico vai ser hoje apresentado em Lisboa recordei-me de uma entrevista ao rabino Shlomo Pereira em que este sublinhava que &#8220;a Pen\u00ednsula Ib\u00e9rica nos anos 1400 era o centro do juda\u00edsmo no mundo&#8230; em tudo&#8221;. O tamb\u00e9m economista nos EUA, onde responde pelo nome de Alfredo Marv\u00e3o Pereira, acrescentava que do ponto de vista da produ\u00e7\u00e3o intelectual os judeus portugueses e espanh\u00f3is de ent\u00e3o quase que podiam comparar-se aos de hoje em Israel, nos Estados Unidos e em Fran\u00e7a. N\u00e3o por acaso o mais antigo livro impresso em Portugal, um Pentateuco surgido em Faro em 1487, est\u00e1 em hebraico.<\/p>\n<p>Mas n\u00e3o se pense nos judeus como uma comunidade separada, falando a sua pr\u00f3pria l\u00edngua. Garantiu-me Shlomo Pereira, numa entrevista a prop\u00f3sito de grandes pensadores da \u00e9poca, que &#8220;os judeus n\u00e3o viviam em Portugal num gueto&#8221;. Muitos eram m\u00e9dicos, mas por exemplo Isaac Abravanel, um dos geniais portugueses que consta do livro Vozes Judaicas de Portugal, era um grande estadista ao servi\u00e7o de D. Afonso V e a sua queda em desgra\u00e7a e fuga para Espanha n\u00e3o teve que ver com a religi\u00e3o mas sim com as desconfian\u00e7as de D. Jo\u00e3o II. Ali\u00e1s, Abravanel entrou logo ao servi\u00e7o de Castela, ent\u00e3o ainda poupada ao fanatismo que os Reis Cat\u00f3licos tornariam pol\u00edtica de Estado inebriados pela tomada de Granada e a descoberta da Am\u00e9rica.<\/p>\n<p>Conhecemos bem a trag\u00e9dia que se seguiu ao \u00c9dito de Expuls\u00e3o dos judeus em 1496, com D. Manuel contrariado a querer agradar a Isabel de Castela e a Fernando de Arag\u00e3o, seus sogros. Trag\u00e9dia para os judeus, que ou partiram ou falsamente se converteram ao catolicismo, trag\u00e9dia tamb\u00e9m para Portugal que perdeu muito do escol. Ficaram a ganhar as Prov\u00edncias Unidas, embri\u00e3o da Holanda, e o Imp\u00e9rio Otomano, onde um calvinismo tolerante e um isl\u00e3o tolerante permitiram aos judeus portugueses encontrar um ex\u00edlio seguro. Ficaram tamb\u00e9m a ganhar os futuros Estados Unidos onde a primeira congrega\u00e7\u00e3o foi criada por sefarditas, judeus de origem portuguesa e espanhola que tinham chegado a viver no Brasil ocupado pelos holandeses.<\/p>\n<p>Prova de como a hist\u00f3ria judaica atrai cada vez mais interesse, acaba de ser publicado um livro sobre os judeus portugueses nos EUA, da autoria de Carla Vieira. Emma Lazarus, a poetisa cujo soneto sobre &#8220;um acolhedor abra\u00e7o fraternal&#8221; est\u00e1 no pedestal da Est\u00e1tua da Liberdade, \u00e9 trineta de um lisboeta.<\/p>\n<p>O amor a Portugal, a p\u00e1tria que os rejeitou, manteve-se por muito tempo. N\u00e3o faltam escritos que elogiam a beleza de Lisboa, que falam de saudades. Mas as persegui\u00e7\u00f5es mantiveram-se, n\u00e3o faltando por c\u00e1 crist\u00e3os-novos, que a Inquisi\u00e7\u00e3o procurava at\u00e9 debaixo das pedras. Que comunidades criptojudaicas como a de Belmonte tenham sobrevivido \u00e9 talvez uma prova do enraizamento do juda\u00edsmo em Portugal, que teve uma nova vida a partir do s\u00e9culo XIX, com fam\u00edlias que regressaram, como os Bensaude, que ter\u00e3o um descendente eleito Presidente da Rep\u00fablica j\u00e1 no nosso tempo, Jorge Sampaio.<\/p>\n<p>Tem um especial simbolismo que a data escolhida para apresentar este Tikva &#8211; Museu Judaico de Lisboa coincida com os 200 anos da extin\u00e7\u00e3o da Inquisi\u00e7\u00e3o em Portugal. O marqu\u00eas de Pombal j\u00e1 tinha acabado com a distin\u00e7\u00e3o entre crist\u00e3os-novos e crist\u00e3os-velhos, mas foram as Cortes Constituintes sa\u00eddas da Revolu\u00e7\u00e3o Liberal de 1820 que acabaram com o Tribunal do Santo Of\u00edcio. A hist\u00f3ria n\u00e3o se apaga, vai-se fazendo. Haja esperan\u00e7a.<\/p>\n<\/div><div class=\"fusion-text fusion-text-3\" style=\"font-size:20px;letter-spacing:1px;font-family:&quot;Spectral SC&quot;;font-weight:500;\"><p>leon\u00eddio paulo ferreira<\/p>\n<\/div><div class=\"fusion-separator fusion-full-width-sep\" style=\"align-self: center;margin-left: auto;margin-right: auto;margin-top:15px;width:100%;\"><\/div><div class=\"fusion-text fusion-text-4\" style=\"font-size:18px;color:rgba(45,129,177,0.99);font-family:&quot;Josefin Sans&quot;;\"><p><a href=\"https:\/\/www.dn.pt\/edicao-do-dia\/31-mar-2021\/lisboa-cidade-judaica-tambem-13518335.html\" target=\"_blank\" rel=\"noopener\">&gt; Ver artigo na fonte<\/a><\/p>\n<\/div><\/div><style type=\"text\/css\">.fusion-body .fusion-builder-column-0{width:60% !important;margin-top : 0px;margin-bottom : 0px;}.fusion-builder-column-0 > .fusion-column-wrapper {padding-top : 0 !important;padding-right : 0px !important;margin-right : 0;padding-bottom : 0px !important;padding-left : 0px !important;margin-left : 0;}@media only screen and (max-width:1200px) {.fusion-body .fusion-builder-column-0{width:60% !important;order : 0;}.fusion-builder-column-0 > .fusion-column-wrapper {margin-right : 0;margin-left : 0;}}@media only screen and (max-width:640px) {.fusion-body .fusion-builder-column-0{width:100% !important;order : 0;}.fusion-builder-column-0 > .fusion-column-wrapper {margin-right : 20px;margin-left : 20px;}}<\/style><\/div><\/div><style type=\"text\/css\">.fusion-body .fusion-flex-container.fusion-builder-row-1{ padding-top : 21px;margin-top : 0px;padding-right : 0px;padding-bottom : 0px;margin-bottom : 0px;padding-left : 0px;}<\/style><\/div>\n","protected":false},"excerpt":{"rendered":"<p>Ao saber que o futuro Museu Judaico vai ser hoje apresentado em Lisboa recordei-me de uma entrevista ao rabino Shlomo Pereira em que este sublinhava que &#8220;a Pen\u00ednsula Ib\u00e9rica nos anos 1400 era o centro do juda\u00edsmo no mundo&#8230;<\/p>\n","protected":false},"author":8,"featured_media":0,"comment_status":"closed","ping_status":"closed","sticky":false,"template":"","format":"standard","meta":{"_coblocks_attr":"","_coblocks_dimensions":"","_coblocks_responsive_height":"","_coblocks_accordion_ie_support":"","inline_featured_image":false},"categories":[218],"tags":[223],"yoast_head":"<!-- This site is optimized with the Yoast SEO plugin v16.1.1 - https:\/\/yoast.com\/wordpress\/plugins\/seo\/ -->\n<title>Lisboa, cidade judaica... tamb\u00e9m | Tikva Museu Judaico Lisboa<\/title>\n<link rel=\"canonical\" href=\"https:\/\/mjlisboa.com\/en\/lisboa-cidade-judaica-tambem\/\" \/>\n<meta property=\"og:locale\" content=\"en_US\" \/>\n<meta property=\"og:type\" content=\"article\" \/>\n<meta property=\"og:title\" content=\"Lisboa, cidade judaica... tamb\u00e9m | Tikva Museu Judaico Lisboa\" \/>\n<meta property=\"og:description\" content=\"Ao saber que o futuro Museu Judaico vai ser hoje apresentado em Lisboa recordei-me de uma entrevista ao rabino Shlomo Pereira em que este sublinhava que &quot;a Pen\u00ednsula Ib\u00e9rica nos anos 1400 era o centro do juda\u00edsmo no mundo...\" \/>\n<meta property=\"og:url\" content=\"https:\/\/mjlisboa.com\/en\/lisboa-cidade-judaica-tambem\/\" \/>\n<meta property=\"og:site_name\" content=\"Tikva Museu Judaico Lisboa\" \/>\n<meta property=\"article:published_time\" content=\"2021-03-31T20:10:07+00:00\" \/>\n<meta property=\"article:modified_time\" content=\"2021-04-16T14:06:28+00:00\" \/>\n<meta name=\"twitter:card\" content=\"summary_large_image\" \/>\n<meta name=\"twitter:label1\" content=\"Est. reading time\">\n\t<meta name=\"twitter:data1\" content=\"8 minutes\">\n<script type=\"application\/ld+json\" class=\"yoast-schema-graph\">{\"@context\":\"https:\/\/schema.org\",\"@graph\":[{\"@type\":\"WebSite\",\"@id\":\"https:\/\/mjlisboa.com\/#website\",\"url\":\"https:\/\/mjlisboa.com\/\",\"name\":\"Tikva Museu Judaico Lisboa\",\"description\":\"Jewish Museum of Lisbon\",\"potentialAction\":[{\"@type\":\"SearchAction\",\"target\":\"https:\/\/mjlisboa.com\/?s={search_term_string}\",\"query-input\":\"required name=search_term_string\"}],\"inLanguage\":\"en-US\"},{\"@type\":\"WebPage\",\"@id\":\"https:\/\/mjlisboa.com\/en\/lisboa-cidade-judaica-tambem\/#webpage\",\"url\":\"https:\/\/mjlisboa.com\/en\/lisboa-cidade-judaica-tambem\/\",\"name\":\"Lisboa, cidade judaica... tamb\\u00e9m | Tikva Museu Judaico Lisboa\",\"isPartOf\":{\"@id\":\"https:\/\/mjlisboa.com\/#website\"},\"datePublished\":\"2021-03-31T20:10:07+00:00\",\"dateModified\":\"2021-04-16T14:06:28+00:00\",\"author\":{\"@id\":\"https:\/\/mjlisboa.com\/#\/schema\/person\/9fa86ca433e66bf106e8f7c0ec93c8b6\"},\"breadcrumb\":{\"@id\":\"https:\/\/mjlisboa.com\/en\/lisboa-cidade-judaica-tambem\/#breadcrumb\"},\"inLanguage\":\"en-US\",\"potentialAction\":[{\"@type\":\"ReadAction\",\"target\":[\"https:\/\/mjlisboa.com\/en\/lisboa-cidade-judaica-tambem\/\"]}]},{\"@type\":\"BreadcrumbList\",\"@id\":\"https:\/\/mjlisboa.com\/en\/lisboa-cidade-judaica-tambem\/#breadcrumb\",\"itemListElement\":[{\"@type\":\"ListItem\",\"position\":1,\"item\":{\"@type\":\"WebPage\",\"@id\":\"https:\/\/mjlisboa.com\/\",\"url\":\"https:\/\/mjlisboa.com\/\",\"name\":\"Home\"}},{\"@type\":\"ListItem\",\"position\":2,\"item\":{\"@type\":\"WebPage\",\"@id\":\"https:\/\/mjlisboa.com\/en\/lisboa-cidade-judaica-tambem\/\",\"url\":\"https:\/\/mjlisboa.com\/en\/lisboa-cidade-judaica-tambem\/\",\"name\":\"Lisboa, cidade judaica&#8230; tamb\\u00e9m\"}}]},{\"@type\":\"Person\",\"@id\":\"https:\/\/mjlisboa.com\/#\/schema\/person\/9fa86ca433e66bf106e8f7c0ec93c8b6\",\"name\":\"Atelier Kahn\",\"image\":{\"@type\":\"ImageObject\",\"@id\":\"https:\/\/mjlisboa.com\/#personlogo\",\"inLanguage\":\"en-US\",\"url\":\"https:\/\/secure.gravatar.com\/avatar\/cbbe8b74b3374cde1a8de055a505f7a1?s=96&d=mm&r=g\",\"contentUrl\":\"https:\/\/secure.gravatar.com\/avatar\/cbbe8b74b3374cde1a8de055a505f7a1?s=96&d=mm&r=g\",\"caption\":\"Atelier Kahn\"}}]}<\/script>\n<!-- \/ Yoast SEO plugin. -->","_links":{"self":[{"href":"https:\/\/mjlisboa.com\/en\/wp-json\/wp\/v2\/posts\/16463"}],"collection":[{"href":"https:\/\/mjlisboa.com\/en\/wp-json\/wp\/v2\/posts"}],"about":[{"href":"https:\/\/mjlisboa.com\/en\/wp-json\/wp\/v2\/types\/post"}],"author":[{"embeddable":true,"href":"https:\/\/mjlisboa.com\/en\/wp-json\/wp\/v2\/users\/8"}],"replies":[{"embeddable":true,"href":"https:\/\/mjlisboa.com\/en\/wp-json\/wp\/v2\/comments?post=16463"}],"version-history":[{"count":0,"href":"https:\/\/mjlisboa.com\/en\/wp-json\/wp\/v2\/posts\/16463\/revisions"}],"wp:attachment":[{"href":"https:\/\/mjlisboa.com\/en\/wp-json\/wp\/v2\/media?parent=16463"}],"wp:term":[{"taxonomy":"category","embeddable":true,"href":"https:\/\/mjlisboa.com\/en\/wp-json\/wp\/v2\/categories?post=16463"},{"taxonomy":"post_tag","embeddable":true,"href":"https:\/\/mjlisboa.com\/en\/wp-json\/wp\/v2\/tags?post=16463"}],"curies":[{"name":"wp","href":"https:\/\/api.w.org\/{rel}","templated":true}]}}