{"id":16471,"date":"2021-03-31T21:20:12","date_gmt":"2021-03-31T20:20:12","guid":{"rendered":"https:\/\/mjlisboa.com\/museu-judaico-de-lisboa-vai-focar-se-na-historia-luminosa-e-de-convivencia-do-judaismo-portugues\/"},"modified":"2021-04-16T15:04:35","modified_gmt":"2021-04-16T14:04:35","slug":"museu-judaico-de-lisboa-vai-focar-se-na-historia-luminosa-e-de-convivencia-do-judaismo-portugues","status":"publish","type":"post","link":"https:\/\/mjlisboa.com\/en\/museu-judaico-de-lisboa-vai-focar-se-na-historia-luminosa-e-de-convivencia-do-judaismo-portugues\/","title":{"rendered":"Museu Judaico de Lisboa vai focar-se na hist\u00f3ria &#8220;luminosa&#8221; e de &#8220;conviv\u00eancia&#8221; do juda\u00edsmo portugu\u00eas"},"content":{"rendered":"<div class=\"fusion-fullwidth fullwidth-box fusion-builder-row-1 fusion-flex-container nonhundred-percent-fullwidth non-hundred-percent-height-scrolling\" style=\"background-color: rgba(255,255,255,0);background-position: center center;background-repeat: no-repeat;border-width: 0px 0px 0px 0px;border-color:#eae9e9;border-style:solid;\" ><div class=\"fusion-builder-row fusion-row fusion-flex-align-items-flex-start fusion-flex-justify-content-center\" style=\"max-width:calc( 1280px + 40px );margin-left: calc(-40px \/ 2 );margin-right: calc(-40px \/ 2 );\"><div class=\"fusion-layout-column fusion_builder_column fusion-builder-column-0 fusion_builder_column_3_5 3_5 fusion-flex-column\"><div class=\"fusion-column-wrapper fusion-flex-justify-content-flex-start fusion-content-layout-column\" style=\"background-position:left top;background-repeat:no-repeat;-webkit-background-size:cover;-moz-background-size:cover;-o-background-size:cover;background-size:cover;background-color:rgba(0,0,0,0);padding: 0px 0px 0px 0px;\"><div class=\"fusion-text fusion-text-1\" style=\"font-size:16px;letter-spacing:2px;color:#000000;font-family:&quot;Montserrat&quot;;font-weight:600;\"><p>2021-03-31<br \/>\nOBSERVADOR<\/p>\n<\/div><div class=\"fusion-separator fusion-full-width-sep\" style=\"align-self: center;margin-left: auto;margin-right: auto;margin-top:15px;width:100%;\"><\/div><style type=\"text\/css\">@media only screen and (max-width:1200px) {.fusion-title.fusion-title-1{margin-top:0px!important; margin-right:0px!important;margin-bottom:0px!important;margin-left:0px!important;}}@media only screen and (max-width:640px) {.fusion-title.fusion-title-1{margin-top:0px!important; margin-right:0px!important;margin-bottom:0px!important; margin-left:0px!important;}}<\/style><div class=\"fusion-title title fusion-title-1 fusion-sep-none fusion-title-text fusion-title-size-two\" style=\"font-size:36px;margin-top:0px;margin-right:0px;margin-bottom:0px;margin-left:0px;\"><h2 class=\"title-heading-left\" style=\"margin:0;font-size:1em;line-height:1.2;\">Museu Judaico de Lisboa vai focar-se na hist\u00f3ria &#8220;luminosa&#8221; e de &#8220;conviv\u00eancia&#8221; do juda\u00edsmo portugu\u00eas<\/h2><\/div><div class=\"fusion-separator fusion-full-width-sep\" style=\"align-self: center;margin-left: auto;margin-right: auto;margin-top:5px;width:100%;\"><\/div><div class=\"fusion-text fusion-text-2\" style=\"font-size:20px;line-height:1.4;\"><p>Foi assinado esta quarta-feira de manh\u00e3 o protocolo que ir\u00e1 permitir a cria\u00e7\u00e3o e instala\u00e7\u00e3o do Tikv\u00e1 Museu Judaico de Lisboa. O Tikv\u00e1, palavra que significa \u201cesperan\u00e7a\u201d, pretende ser um local de luz, apresentando a hist\u00f3ria da comunidade judaica em Lisboa e Portugal com foco nos momentos de conviv\u00eancia com a restante popula\u00e7\u00e3o, nomeadamente entre os s\u00e9culos XII e XV, que resultaram numa ben\u00e9fica parceria e desenvolvimento em v\u00e1rias \u00e1reas.<\/p>\n<p>O protocolo foi firmado entre a C\u00e2mara Municipal de Lisboa e a Associa\u00e7\u00e3o Hagad\u00e1, uma associa\u00e7\u00e3o de \u00e2mbito privado sem fins lucrativos fundada para criar, instalar e gerir o novo museu, que ir\u00e1 situar-se na zona de Pedrou\u00e7os, em Bel\u00e9m, entre a Avenida da \u00cdndia e a Rua das Hortas, perto da Torre de Bel\u00e9m e da Funda\u00e7\u00e3o Champalimaud. A data da assinatura n\u00e3o foi escolhida ao acaso: a 31 de mar\u00e7o de 2021, assinala-se o segundo centen\u00e1rio da aboli\u00e7\u00e3o do Tribunal da Inquisi\u00e7\u00e3o, uma \u201cdata muito importante\u201d, como real\u00e7ou Esther Mucznik, presidente da Hagad\u00e1.<\/p>\n<p><strong>\u201c\u00c9 um dia fundamental para n\u00f3s. \u00c9 o fim de um per\u00edodo sombrio, que destro\u00e7ou in\u00fameras vidas. \u00c9 o fim desse \u2018monstruoso tribunal\u2019, como um historiador lhe chamou, que abriu tamb\u00e9m o caminho para a liberdade.\u201d<\/strong><\/p>\n<p>A sess\u00e3o decorreu a partir das 12h30 na Sala do Arquivo da C\u00e2mara Municipal de Lisboa, na Pra\u00e7a do Munic\u00edpio, sem a presen\u00e7a de p\u00fablico devido \u00e0 Covid-19, mas com transmiss\u00e3o online. Al\u00e9m de Mucznik, estiveram presentes o autarca Fernando Medina, a vereadora da Cultura Catarina Vaz Pinto, a presidente da Assembleia Municipal Jos\u00e9 Leit\u00e3o e o arquiteto respons\u00e1vel pelo projeto, o polaco Daniel Libeskind.<\/p>\n<\/div><div class=\"fusion-separator fusion-full-width-sep\" style=\"align-self: center;margin-left: auto;margin-right: auto;margin-top:10px;margin-bottom:10px;width:100%;\"><\/div><div class=\"fusion-text fusion-text-3\" style=\"font-size:20px;line-height:1.4;\"><p><strong>Um museu para contar \u201ca parte luminosa\u201d da hist\u00f3ria da comunidade judaica em Portugal<\/strong><\/p>\n<p>Esther Mucznik, uma das principais impulsionadoras do projeto, descreveu como ser\u00e1 o futuro Museu Judaico de Lisboa, que dever\u00e1 abrir portas em 2024 para contar a hist\u00f3ria de uma comunidade com ra\u00edzes em Portugal desde a \u00e9poca romana e caracter\u00edsticas que lhe concedem \u201cum car\u00e1cter muito peculiar\u201d. Lembrando que a sua hist\u00f3ria foi marcada por \u201clargos per\u00edodos de escurid\u00e3o\u201d, a presidente da Associa\u00e7\u00e3o Hagad\u00e1 explicou que n\u00e3o ser\u00e1 no entanto esse o foco do espa\u00e7o museol\u00f3gico, que se ira concentrar na \u201cparte luminosa da nossa hist\u00f3ria\u201d.<\/p>\n<p>\u201cO foco do museu vai ser a parte luminosa da nossa hist\u00f3ria, que tamb\u00e9m existiu e foi muito importante, entre os s\u00e9culos XII e XV, quando podemos falar em conviv\u00eancia. Vamos insistir nesse aspeto positivo, porque, em primeiro lugar, \u00e9 o per\u00edodo em que os judeus mais contribu\u00edram para a na\u00e7\u00e3o portuguesa\u201d, em v\u00e1rias \u00e1reas do conhecimento, como a medicina e a matem\u00e1tica. \u201cEsse aspeto \u00e9 o mais desconhecido da popula\u00e7\u00e3o portuguesa e estrangeira tamb\u00e9m, porque foi apagado, erradicado da mem\u00f3ria coletiva. Queremos traz\u00ea-lo para o presente, porque marcou o pa\u00eds que somos hoje\u201d, declarou Mucznik.<\/p>\n<p>Al\u00e9m desse aspeto de car\u00e1ter hist\u00f3rico, os respons\u00e1veis pelo museu gostariam de transmitir a ideia de que \u201cs\u00e3o os per\u00edodos de liberdade, de conviv\u00eancia, que permitem de facto a inova\u00e7\u00e3o, a criatividade, o contributo. Essa mensagem \u00e9 fundamental e ser\u00e1 fundamental no nosso museu\u201d. Outra mensagem importante \u00e9 a de esperan\u00e7a, desde logo patente no nome do museu, Tikv\u00e1, uma sugest\u00e3o do arquiteto Daniel Libeskind. \u201cFoi ele que sugeriu acrescentar ao nome \u2018Tikv\u00e1\u2019, que quer dizer \u2018esperan\u00e7a\u2019. Concord\u00e1mos porque, de facto, a esperan\u00e7a \u00e9 aquilo que nos d\u00e1 for\u00e7a para lutar pelos nossos sonhos.\u201d<\/p>\n<p>Para Libeskind, n\u00e3o existe nenhuma palavra que sintetize melhor o povo e a cultura judaicos. \u201cA ideia de esperan\u00e7a, a esperan\u00e7a de que a hist\u00f3ria se mova da escurid\u00e3o para a luz, da pris\u00e3o para a liberdade. Essa \u00e9 a grande contribui\u00e7\u00e3o do pensamento judaico para um mundo melhor\u201d, considerou esta quarta-feira. O arquiteto, conhecido como o arquiteto da mem\u00f3ria e da esperan\u00e7a, foi respons\u00e1vel pelo projeto de outros museus judaicos, como o de Berlim, S\u00e3o Francisco e Copenhaga, dos memoriais do Holocausto nos Pa\u00edses Baixos, Canad\u00e1 e Estados Unidos da Am\u00e9rica e ainda pela reconvers\u00e3o do local do World Trade Center, em Nova Iorque. Ser\u00e1 apoiado em Portugal pelo atelier Miguel Saraiva+Associados.<\/p>\n<p>Segundo Esther Mucznik, o Museu Judaico de Lisboa \u201cn\u00e3o ser\u00e1 apenas um museu de hist\u00f3ria\u201d. \u201cTer\u00e1 tamb\u00e9m um outro aspeto que \u00e9 importante, o da cultura e tradi\u00e7\u00e3o judaica. As comunidades judaicas em Portugal s\u00e3o pequenas, produto da hist\u00f3ria, n\u00e3o t\u00eam aquela visibilidade e muita gente ignora ao desconhece o que \u00e9 a cultura judaica.\u00a0Isso estar\u00e1 presente no nosso museu\u201d, juntamente com \u201cuma mensagem que queremos transmitir n\u00e3o s\u00f3 atrav\u00e9s de todo o percurso expositivo, mas tamb\u00e9m atrav\u00e9s das atividades \u2014 a ideia de que contrariamente ao que pensam aqueles que t\u00eam receio de que a pluralidade de culturas possa\u00a0 afetar a identidade de uma na\u00e7\u00e3o, a pluralidade de culturas \u00e9 uma riqueza para um povo e uma na\u00e7\u00e3o\u201d.<\/p>\n<p>O espa\u00e7o museol\u00f3gico, garantiu Mucznik, foi pensado para todos, judeus e n\u00e3o judeus, mas sobretudo para estes \u00faltimos, que n\u00e3o conhecer\u00e3o t\u00e3o bem a cultura e hist\u00f3ria. \u201c\u00c9 um museu portugu\u00eas, que conta a historia dos homens e das mulheres que ajudaram a fazer Portugal.\u201d<\/p>\n<\/div><div class=\"fusion-separator fusion-full-width-sep\" style=\"align-self: center;margin-left: auto;margin-right: auto;margin-top:10px;margin-bottom:10px;width:100%;\"><\/div><div class=\"fusion-text fusion-text-4\" style=\"font-size:20px;line-height:1.4;\"><p><strong>Projeto \u00e9 \u201cafirma\u00e7\u00e3o pol\u00edtica da cidade de Lisboa\u201d, diz Medina<\/strong><\/p>\n<p>O presidente da C\u00e2mara Municipal de Lisboa, Fernando Medina, apontou igualmente que o Tikv\u00e1 Museu Judaico de Lisboa ser\u00e1 um projeto que ir\u00e1 contar a \u201chist\u00f3ria milenar de uma cultura, o seu percurso, a sua intera\u00e7\u00e3o com as culturas e os poderes dos tempos\u201d, valorizando e mostrando \u201ca presen\u00e7a neste territ\u00f3rio de uma comunidade a import\u00e2ncia que tem a comunidade judaica\u201d. A sua hist\u00f3ria \u201ctem momentos de enorme viol\u00eancia e escurid\u00e3o, mas que tamb\u00e9m teve momentos de luz\u201d, afirmou, frisando que \u201cser\u00e1 sobretudo um museu de luz\u201d e esperando que, no futuro, se possa tamb\u00e9m olhar para o ato de assinatura do protocolo como um momento luminoso em que \u201cse celebrou a diversidade, a inclus\u00e3o, a conviv\u00eancia e a liberdade\u201d.<\/p>\n<p>Al\u00e9m da valoriza\u00e7\u00e3o da cultura e hist\u00f3ria lisboetas, o Tikv\u00e1 ir\u00e1 permitir \u00e0 cidade de Lisboa fazer \u201cuma afirma\u00e7\u00e3o pol\u00edtica muito clara neste tempo que vivemos \u2014 o de que Lisboa \u00e9, continuar\u00e1 a ser e a bater-se pelas for\u00e7as da liberdade, da inclus\u00e3o, da diversidade cultural, da conviv\u00eancia de culturas e do respeito m\u00fatuo como elementos-chave de uma sociedade digna, que se se quer inovadora, progressista, capaz de avan\u00e7ar num esp\u00edrito de conviv\u00eancia e converg\u00eancia\u201d, declarou Medina, acrescentando que essa era tamb\u00e9m a ideia por tr\u00e1s da constru\u00e7\u00e3o do museu.<\/p>\n<p><b>\u201cEstamos a assistir em muitos lugares do mundo ao levantamento de for\u00e7as que h\u00e1 muito quer\u00edamos ver colocadas para tr\u00e1s da historia. E o que esta decis\u00e3o significa \u00e9 isso mesmo: uma afirma\u00e7\u00e3o pol\u00edtica da cidade de Lisboa, uma afirma\u00e7\u00e3o que queremos que perdure\u201d, disse ainda o presidente.<\/b><\/p>\n<\/div><div class=\"fusion-separator fusion-full-width-sep\" style=\"align-self: center;margin-left: auto;margin-right: auto;margin-top:10px;margin-bottom:10px;width:100%;\"><\/div><div class=\"fusion-text fusion-text-5\" style=\"font-size:20px;line-height:1.4;\"><p><strong>Local do antigo projeto do Museu Judaico ser\u00e1 transformado em memorial aos judeus de Lisboa<\/strong><\/p>\n<p>Fernando Medina lembrou ainda que, aquando da aprova\u00e7\u00e3o da atribui\u00e7\u00e3o do terreno e do acordo financeiro relativo \u00e0 constru\u00e7\u00e3o do Museu Judaico, foi aprovada \u201cuma terceira decis\u00e3o\u201d, a de \u201ctransformar o local previsto para o anterior museu num memorial ao povo judaico em Lisboa, n\u00e3o permitindo ali a edifica\u00e7\u00e3o de mais nenhum edif\u00edcio\u201d.<\/p>\n<p>O projeto original do Museu Judaico de Lisboa previa a sua constru\u00e7\u00e3o no bairro de Alfama, no local onde ficava a antiga Judiaria. A constru\u00e7\u00e3o foi suspensa depois de um tribunal ter aceitado a provid\u00eancia cautelar interposta por uma associa\u00e7\u00e3o de moradores e comerciantes, que desde o in\u00edcio contestou o projeto de arquitetura e o local escolhido para a instala\u00e7\u00e3o do novo espa\u00e7o museol\u00f3gico. A decis\u00e3o do tribunal obrigou a uma mudan\u00e7a de planos e \u00e0 cria\u00e7\u00e3o de um novo projeto para a zona de Bel\u00e9m. Um \u201cpercal\u00e7o\u201d que fez com que \u201cem vez de um museu tenhamos um museu e um local de homenagem\u201d, constatou Medina.<\/p>\n<p>De acordo com o autarca, o local onde deveria ter sido constru\u00eddo o museu ser\u00e1 \u201cconvertido num espa\u00e7o p\u00fablico de frui\u00e7\u00e3o da comunidade e de todos os que a procurem\u201d. \u201cProvavelmente ter\u00e1 uma homenagem ao c\u00f4nsul Aristides de Sousa Mendes\u201d, uma proposta levada a reuni\u00e3o de c\u00e2mara no final do ano passado, \u201cmas ser\u00e1 um espa\u00e7o dedicado \u00e0 popula\u00e7\u00e3o judaica\u201d, garantiu Fernando Medina.<\/p>\n<\/div><div class=\"fusion-text fusion-text-6\" style=\"font-size:20px;letter-spacing:1px;font-family:&quot;Spectral SC&quot;;font-weight:500;\"><p>rita cipriano<\/p>\n<\/div><div class=\"fusion-separator fusion-full-width-sep\" style=\"align-self: center;margin-left: auto;margin-right: auto;margin-top:15px;width:100%;\"><\/div><div class=\"fusion-text fusion-text-7\" style=\"font-size:18px;color:rgba(45,129,177,0.99);font-family:&quot;Josefin Sans&quot;;\"><p><a href=\"https:\/\/observador.pt\/2021\/03\/31\/museu-judaico-de-lisboa-vai-focar-se-na-historia-luminosa-e-de-convivencia-do-judaismo-portugues\/\" target=\"_blank\" rel=\"noopener\">&gt; Ver artigo na fonte<\/a><\/p>\n<\/div><\/div><style type=\"text\/css\">.fusion-body .fusion-builder-column-0{width:60% !important;margin-top : 0px;margin-bottom : 0px;}.fusion-builder-column-0 > .fusion-column-wrapper {padding-top : 0 !important;padding-right : 0px !important;margin-right : 0;padding-bottom : 0px !important;padding-left : 0px !important;margin-left : 0;}@media only screen and (max-width:1200px) {.fusion-body .fusion-builder-column-0{width:60% !important;order : 0;}.fusion-builder-column-0 > .fusion-column-wrapper {margin-right : 0;margin-left : 0;}}@media only screen and (max-width:640px) {.fusion-body .fusion-builder-column-0{width:100% !important;order : 0;}.fusion-builder-column-0 > .fusion-column-wrapper {margin-right : 20px;margin-left : 20px;}}<\/style><\/div><\/div><style type=\"text\/css\">.fusion-body .fusion-flex-container.fusion-builder-row-1{ padding-top : 21px;margin-top : 0px;padding-right : 0px;padding-bottom : 0px;margin-bottom : 0px;padding-left : 0px;}<\/style><\/div>\n","protected":false},"excerpt":{"rendered":"<p>A hist\u00f3ria do juda\u00edsmo em Portugal foi marcada por per\u00edodos negros, mas o Museu Judaico de Lisboa ser\u00e1 focado nos momentos de luz. Espa\u00e7o ser\u00e1 &#8220;afirma\u00e7\u00e3o pol\u00edtica da cidade de Lisboa&#8221;, garante Medina.<\/p>\n","protected":false},"author":8,"featured_media":0,"comment_status":"closed","ping_status":"closed","sticky":false,"template":"","format":"standard","meta":{"_coblocks_attr":"","_coblocks_dimensions":"","_coblocks_responsive_height":"","_coblocks_accordion_ie_support":"","inline_featured_image":false},"categories":[218],"tags":[219],"yoast_head":"<!-- This site is optimized with the Yoast SEO plugin v16.1.1 - https:\/\/yoast.com\/wordpress\/plugins\/seo\/ -->\n<title>Museu Judaico de Lisboa vai focar-se na hist\u00f3ria &quot;luminosa&quot; e de &quot;conviv\u00eancia&quot; do juda\u00edsmo portugu\u00eas | Tikva Museu Judaico Lisboa<\/title>\n<link rel=\"canonical\" href=\"https:\/\/mjlisboa.com\/en\/museu-judaico-de-lisboa-vai-focar-se-na-historia-luminosa-e-de-convivencia-do-judaismo-portugues\/\" \/>\n<meta property=\"og:locale\" content=\"en_US\" \/>\n<meta property=\"og:type\" content=\"article\" \/>\n<meta property=\"og:title\" content=\"Museu Judaico de Lisboa vai focar-se na hist\u00f3ria &quot;luminosa&quot; e de &quot;conviv\u00eancia&quot; do juda\u00edsmo portugu\u00eas | Tikva Museu Judaico Lisboa\" \/>\n<meta property=\"og:description\" content=\"A hist\u00f3ria do juda\u00edsmo em Portugal foi marcada por per\u00edodos negros, mas o Museu Judaico de Lisboa ser\u00e1 focado nos momentos de luz. Espa\u00e7o ser\u00e1 &quot;afirma\u00e7\u00e3o pol\u00edtica da cidade de Lisboa&quot;, garante Medina.\" \/>\n<meta property=\"og:url\" content=\"https:\/\/mjlisboa.com\/en\/museu-judaico-de-lisboa-vai-focar-se-na-historia-luminosa-e-de-convivencia-do-judaismo-portugues\/\" \/>\n<meta property=\"og:site_name\" content=\"Tikva Museu Judaico Lisboa\" \/>\n<meta property=\"article:published_time\" content=\"2021-03-31T20:20:12+00:00\" \/>\n<meta property=\"article:modified_time\" content=\"2021-04-16T14:04:35+00:00\" \/>\n<meta name=\"twitter:card\" content=\"summary_large_image\" \/>\n<meta name=\"twitter:label1\" content=\"Est. reading time\">\n\t<meta name=\"twitter:data1\" content=\"14 minutes\">\n<script type=\"application\/ld+json\" class=\"yoast-schema-graph\">{\"@context\":\"https:\/\/schema.org\",\"@graph\":[{\"@type\":\"WebSite\",\"@id\":\"https:\/\/mjlisboa.com\/#website\",\"url\":\"https:\/\/mjlisboa.com\/\",\"name\":\"Tikva Museu Judaico Lisboa\",\"description\":\"Jewish Museum of Lisbon\",\"potentialAction\":[{\"@type\":\"SearchAction\",\"target\":\"https:\/\/mjlisboa.com\/?s={search_term_string}\",\"query-input\":\"required name=search_term_string\"}],\"inLanguage\":\"en-US\"},{\"@type\":\"WebPage\",\"@id\":\"https:\/\/mjlisboa.com\/en\/museu-judaico-de-lisboa-vai-focar-se-na-historia-luminosa-e-de-convivencia-do-judaismo-portugues\/#webpage\",\"url\":\"https:\/\/mjlisboa.com\/en\/museu-judaico-de-lisboa-vai-focar-se-na-historia-luminosa-e-de-convivencia-do-judaismo-portugues\/\",\"name\":\"Museu Judaico de Lisboa vai focar-se na hist\\u00f3ria \\\"luminosa\\\" e de \\\"conviv\\u00eancia\\\" do juda\\u00edsmo portugu\\u00eas | Tikva Museu Judaico Lisboa\",\"isPartOf\":{\"@id\":\"https:\/\/mjlisboa.com\/#website\"},\"datePublished\":\"2021-03-31T20:20:12+00:00\",\"dateModified\":\"2021-04-16T14:04:35+00:00\",\"author\":{\"@id\":\"https:\/\/mjlisboa.com\/#\/schema\/person\/9fa86ca433e66bf106e8f7c0ec93c8b6\"},\"breadcrumb\":{\"@id\":\"https:\/\/mjlisboa.com\/en\/museu-judaico-de-lisboa-vai-focar-se-na-historia-luminosa-e-de-convivencia-do-judaismo-portugues\/#breadcrumb\"},\"inLanguage\":\"en-US\",\"potentialAction\":[{\"@type\":\"ReadAction\",\"target\":[\"https:\/\/mjlisboa.com\/en\/museu-judaico-de-lisboa-vai-focar-se-na-historia-luminosa-e-de-convivencia-do-judaismo-portugues\/\"]}]},{\"@type\":\"BreadcrumbList\",\"@id\":\"https:\/\/mjlisboa.com\/en\/museu-judaico-de-lisboa-vai-focar-se-na-historia-luminosa-e-de-convivencia-do-judaismo-portugues\/#breadcrumb\",\"itemListElement\":[{\"@type\":\"ListItem\",\"position\":1,\"item\":{\"@type\":\"WebPage\",\"@id\":\"https:\/\/mjlisboa.com\/\",\"url\":\"https:\/\/mjlisboa.com\/\",\"name\":\"Home\"}},{\"@type\":\"ListItem\",\"position\":2,\"item\":{\"@type\":\"WebPage\",\"@id\":\"https:\/\/mjlisboa.com\/en\/museu-judaico-de-lisboa-vai-focar-se-na-historia-luminosa-e-de-convivencia-do-judaismo-portugues\/\",\"url\":\"https:\/\/mjlisboa.com\/en\/museu-judaico-de-lisboa-vai-focar-se-na-historia-luminosa-e-de-convivencia-do-judaismo-portugues\/\",\"name\":\"Museu Judaico de Lisboa vai focar-se na hist\\u00f3ria &#8220;luminosa&#8221; e de &#8220;conviv\\u00eancia&#8221; do juda\\u00edsmo portugu\\u00eas\"}}]},{\"@type\":\"Person\",\"@id\":\"https:\/\/mjlisboa.com\/#\/schema\/person\/9fa86ca433e66bf106e8f7c0ec93c8b6\",\"name\":\"Atelier Kahn\",\"image\":{\"@type\":\"ImageObject\",\"@id\":\"https:\/\/mjlisboa.com\/#personlogo\",\"inLanguage\":\"en-US\",\"url\":\"https:\/\/secure.gravatar.com\/avatar\/cbbe8b74b3374cde1a8de055a505f7a1?s=96&d=mm&r=g\",\"contentUrl\":\"https:\/\/secure.gravatar.com\/avatar\/cbbe8b74b3374cde1a8de055a505f7a1?s=96&d=mm&r=g\",\"caption\":\"Atelier Kahn\"}}]}<\/script>\n<!-- \/ Yoast SEO plugin. -->","_links":{"self":[{"href":"https:\/\/mjlisboa.com\/en\/wp-json\/wp\/v2\/posts\/16471"}],"collection":[{"href":"https:\/\/mjlisboa.com\/en\/wp-json\/wp\/v2\/posts"}],"about":[{"href":"https:\/\/mjlisboa.com\/en\/wp-json\/wp\/v2\/types\/post"}],"author":[{"embeddable":true,"href":"https:\/\/mjlisboa.com\/en\/wp-json\/wp\/v2\/users\/8"}],"replies":[{"embeddable":true,"href":"https:\/\/mjlisboa.com\/en\/wp-json\/wp\/v2\/comments?post=16471"}],"version-history":[{"count":0,"href":"https:\/\/mjlisboa.com\/en\/wp-json\/wp\/v2\/posts\/16471\/revisions"}],"wp:attachment":[{"href":"https:\/\/mjlisboa.com\/en\/wp-json\/wp\/v2\/media?parent=16471"}],"wp:term":[{"taxonomy":"category","embeddable":true,"href":"https:\/\/mjlisboa.com\/en\/wp-json\/wp\/v2\/categories?post=16471"},{"taxonomy":"post_tag","embeddable":true,"href":"https:\/\/mjlisboa.com\/en\/wp-json\/wp\/v2\/tags?post=16471"}],"curies":[{"name":"wp","href":"https:\/\/api.w.org\/{rel}","templated":true}]}}