{"id":16485,"date":"2021-04-10T21:00:52","date_gmt":"2021-04-10T20:00:52","guid":{"rendered":"https:\/\/mjlisboa.com\/daniel-libeskind-a-arquitetura-e-a-arte-da-memoria\/"},"modified":"2021-04-16T16:43:13","modified_gmt":"2021-04-16T15:43:13","slug":"daniel-libeskind-a-arquitetura-e-a-arte-da-memoria","status":"publish","type":"post","link":"https:\/\/mjlisboa.com\/en\/daniel-libeskind-a-arquitetura-e-a-arte-da-memoria\/","title":{"rendered":"Daniel Libeskind: \u2018\u2018A arquitetura \u00e9 a arte da mem\u00f3ria\u201d"},"content":{"rendered":"<div class=\"fusion-fullwidth fullwidth-box fusion-builder-row-1 fusion-flex-container nonhundred-percent-fullwidth non-hundred-percent-height-scrolling\" style=\"background-color: rgba(255,255,255,0);background-position: center center;background-repeat: no-repeat;border-width: 0px 0px 0px 0px;border-color:#eae9e9;border-style:solid;\" ><div class=\"fusion-builder-row fusion-row fusion-flex-align-items-flex-start fusion-flex-justify-content-center\" style=\"max-width:calc( 1280px + 40px );margin-left: calc(-40px \/ 2 );margin-right: calc(-40px \/ 2 );\"><div class=\"fusion-layout-column fusion_builder_column fusion-builder-column-0 fusion_builder_column_3_5 3_5 fusion-flex-column\"><div class=\"fusion-column-wrapper fusion-flex-justify-content-flex-start fusion-content-layout-column\" style=\"background-position:left top;background-repeat:no-repeat;-webkit-background-size:cover;-moz-background-size:cover;-o-background-size:cover;background-size:cover;background-color:rgba(0,0,0,0);padding: 0px 0px 0px 0px;\"><div class=\"fusion-text fusion-text-1\" style=\"font-size:16px;letter-spacing:2px;color:#000000;font-family:&quot;Montserrat&quot;;font-weight:600;\"><p>2021-04-10<br \/>\nEXPRESSO \u00b7 REVISTA<\/p>\n<\/div><div class=\"fusion-text fusion-text-2\" style=\"font-size:16px;letter-spacing:0px;color:#000000;font-family:&quot;Montserrat&quot;;font-weight:600;\"><p>Entrevista por Luciana Leiderfarb<\/p>\n<\/div><div class=\"fusion-separator fusion-full-width-sep\" style=\"align-self: center;margin-left: auto;margin-right: auto;margin-top:15px;width:100%;\"><\/div><style type=\"text\/css\">@media only screen and (max-width:1200px) {.fusion-title.fusion-title-1{margin-top:0px!important; margin-right:0px!important;margin-bottom:0px!important;margin-left:0px!important;}}@media only screen and (max-width:640px) {.fusion-title.fusion-title-1{margin-top:0px!important; margin-right:0px!important;margin-bottom:0px!important; margin-left:0px!important;}}<\/style><div class=\"fusion-title title fusion-title-1 fusion-sep-none fusion-title-text fusion-title-size-two\" style=\"font-size:36px;margin-top:0px;margin-right:0px;margin-bottom:0px;margin-left:0px;\"><h2 class=\"title-heading-left\" style=\"margin:0;font-size:1em;line-height:1.2;\">Daniel Libeskind: \u2018\u2018A arquitetura \u00e9 a arte da mem\u00f3ria\u201d<\/h2><\/div><div class=\"fusion-separator fusion-full-width-sep\" style=\"align-self: center;margin-left: auto;margin-right: auto;margin-top:5px;width:100%;\"><\/div><div class=\"fusion-text fusion-text-3\" style=\"font-size:20px;line-height:1.4;\"><p>O seu nome surge ligado a pelo menos dois grandes epis\u00f3dios da arquitetura mundial contempor\u00e2nea: o Museu Judaico de Berlim e o World Trade Center Master Plan, em Nova Iorque. Mas Daniel Libeskind \u00e9 autor de mais de meia centena de projetos em lugares que v\u00e3o de S\u00e3o Paulo a Vars\u00f3via, de Manila a Mil\u00e3o, de Dublin \u00e0 Coreia do Sul. Agora, tamb\u00e9m Lisboa ter\u00e1 um edif\u00edcio com a sua assinatura. Trata-se do Tikv\u00e1 \u2014 Museu Judaico de Lisboa (MJL), que ir\u00e1 nascer em Bel\u00e9m, mesmo \u00e0 beira-rio.<\/p>\n<p>N\u00e3o \u00e9 resultado do acaso. O trabalho com a mem\u00f3ria \u00e9, segundo o arquiteto, aquilo que permite uma linguagem contempor\u00e2nea. Olhar para o passado, posicionar-se relativamente ao passado, \u00e9 um modo de encarar o futuro. Das ru\u00ednas que n\u00e3o o s\u00e3o nasce a arquitetura, um ato de otimismo, inacabado por natureza, que enquanto leitura da hist\u00f3ria surge para a modificar.<\/p>\n<p>&#8230;<\/p>\n<\/div><div class=\"fusion-separator fusion-full-width-sep\" style=\"align-self: center;margin-left: auto;margin-right: auto;margin-top:15px;width:100%;\"><\/div><div class=\"fusion-text fusion-text-4\" style=\"font-size:18px;color:rgba(45,129,177,0.99);font-family:&quot;Josefin Sans&quot;;\"><p><a href=\"https:\/\/expresso.pt\/cultura\/2021-04-10-Daniel-Libeskind-A-arquitetura-e-a-arte-da-memoria-82203bb0\" target=\"_blank\" rel=\"noopener\">&gt; Ver artigo completo na fonte<\/a><\/p>\n<\/div><\/div><style type=\"text\/css\">.fusion-body .fusion-builder-column-0{width:60% !important;margin-top : 0px;margin-bottom : 0px;}.fusion-builder-column-0 > .fusion-column-wrapper {padding-top : 0 !important;padding-right : 0px !important;margin-right : 0;padding-bottom : 0px !important;padding-left : 0px !important;margin-left : 0;}@media only screen and (max-width:1200px) {.fusion-body .fusion-builder-column-0{width:60% !important;order : 0;}.fusion-builder-column-0 > .fusion-column-wrapper {margin-right : 0;margin-left : 0;}}@media only screen and (max-width:640px) {.fusion-body .fusion-builder-column-0{width:100% !important;order : 0;}.fusion-builder-column-0 > .fusion-column-wrapper {margin-right : 20px;margin-left : 20px;}}<\/style><\/div><\/div><style type=\"text\/css\">.fusion-body .fusion-flex-container.fusion-builder-row-1{ padding-top : 21px;margin-top : 0px;padding-right : 0px;padding-bottom : 0px;margin-bottom : 0px;padding-left : 0px;}<\/style><\/div>\n","protected":false},"excerpt":{"rendered":"<p>Nasceu na Pol\u00f3nia, vive entre Berlim e Nova Iorque. Construiu em 50 lugares e agora, em Lisboa, o novo Museu Judaico ter\u00e1 a sua assinatura. Aos 74 anos, esta \u00e9 a voz de um arquiteto para quem a sua profiss\u00e3o \u00e9 um ato de otimismo.<\/p>\n","protected":false},"author":8,"featured_media":0,"comment_status":"closed","ping_status":"closed","sticky":false,"template":"","format":"standard","meta":{"_coblocks_attr":"","_coblocks_dimensions":"","_coblocks_responsive_height":"","_coblocks_accordion_ie_support":"","inline_featured_image":false},"categories":[218],"tags":[236],"yoast_head":"<!-- This site is optimized with the Yoast SEO plugin v16.1.1 - https:\/\/yoast.com\/wordpress\/plugins\/seo\/ -->\n<title>Daniel Libeskind: \u2018\u2018A arquitetura \u00e9 a arte da mem\u00f3ria\u201d | Tikva Museu Judaico Lisboa<\/title>\n<link rel=\"canonical\" href=\"https:\/\/mjlisboa.com\/en\/daniel-libeskind-a-arquitetura-e-a-arte-da-memoria\/\" \/>\n<meta property=\"og:locale\" content=\"en_US\" \/>\n<meta property=\"og:type\" content=\"article\" \/>\n<meta property=\"og:title\" content=\"Daniel Libeskind: \u2018\u2018A arquitetura \u00e9 a arte da mem\u00f3ria\u201d | Tikva Museu Judaico Lisboa\" \/>\n<meta property=\"og:description\" content=\"Nasceu na Pol\u00f3nia, vive entre Berlim e Nova Iorque. Construiu em 50 lugares e agora, em Lisboa, o novo Museu Judaico ter\u00e1 a sua assinatura. Aos 74 anos, esta \u00e9 a voz de um arquiteto para quem a sua profiss\u00e3o \u00e9 um ato de otimismo.\" \/>\n<meta property=\"og:url\" content=\"https:\/\/mjlisboa.com\/en\/daniel-libeskind-a-arquitetura-e-a-arte-da-memoria\/\" \/>\n<meta property=\"og:site_name\" content=\"Tikva Museu Judaico Lisboa\" \/>\n<meta property=\"article:published_time\" content=\"2021-04-10T20:00:52+00:00\" \/>\n<meta property=\"article:modified_time\" content=\"2021-04-16T15:43:13+00:00\" \/>\n<meta name=\"twitter:card\" content=\"summary_large_image\" \/>\n<meta name=\"twitter:label1\" content=\"Est. reading time\">\n\t<meta name=\"twitter:data1\" content=\"5 minutes\">\n<script type=\"application\/ld+json\" class=\"yoast-schema-graph\">{\"@context\":\"https:\/\/schema.org\",\"@graph\":[{\"@type\":\"WebSite\",\"@id\":\"https:\/\/mjlisboa.com\/#website\",\"url\":\"https:\/\/mjlisboa.com\/\",\"name\":\"Tikva Museu Judaico Lisboa\",\"description\":\"Jewish Museum of Lisbon\",\"potentialAction\":[{\"@type\":\"SearchAction\",\"target\":\"https:\/\/mjlisboa.com\/?s={search_term_string}\",\"query-input\":\"required name=search_term_string\"}],\"inLanguage\":\"en-US\"},{\"@type\":\"WebPage\",\"@id\":\"https:\/\/mjlisboa.com\/en\/daniel-libeskind-a-arquitetura-e-a-arte-da-memoria\/#webpage\",\"url\":\"https:\/\/mjlisboa.com\/en\/daniel-libeskind-a-arquitetura-e-a-arte-da-memoria\/\",\"name\":\"Daniel Libeskind: \\u2018\\u2018A arquitetura \\u00e9 a arte da mem\\u00f3ria\\u201d | Tikva Museu Judaico Lisboa\",\"isPartOf\":{\"@id\":\"https:\/\/mjlisboa.com\/#website\"},\"datePublished\":\"2021-04-10T20:00:52+00:00\",\"dateModified\":\"2021-04-16T15:43:13+00:00\",\"author\":{\"@id\":\"https:\/\/mjlisboa.com\/#\/schema\/person\/9fa86ca433e66bf106e8f7c0ec93c8b6\"},\"breadcrumb\":{\"@id\":\"https:\/\/mjlisboa.com\/en\/daniel-libeskind-a-arquitetura-e-a-arte-da-memoria\/#breadcrumb\"},\"inLanguage\":\"en-US\",\"potentialAction\":[{\"@type\":\"ReadAction\",\"target\":[\"https:\/\/mjlisboa.com\/en\/daniel-libeskind-a-arquitetura-e-a-arte-da-memoria\/\"]}]},{\"@type\":\"BreadcrumbList\",\"@id\":\"https:\/\/mjlisboa.com\/en\/daniel-libeskind-a-arquitetura-e-a-arte-da-memoria\/#breadcrumb\",\"itemListElement\":[{\"@type\":\"ListItem\",\"position\":1,\"item\":{\"@type\":\"WebPage\",\"@id\":\"https:\/\/mjlisboa.com\/\",\"url\":\"https:\/\/mjlisboa.com\/\",\"name\":\"Home\"}},{\"@type\":\"ListItem\",\"position\":2,\"item\":{\"@type\":\"WebPage\",\"@id\":\"https:\/\/mjlisboa.com\/en\/daniel-libeskind-a-arquitetura-e-a-arte-da-memoria\/\",\"url\":\"https:\/\/mjlisboa.com\/en\/daniel-libeskind-a-arquitetura-e-a-arte-da-memoria\/\",\"name\":\"Daniel Libeskind: \\u2018\\u2018A arquitetura \\u00e9 a arte da mem\\u00f3ria\\u201d\"}}]},{\"@type\":\"Person\",\"@id\":\"https:\/\/mjlisboa.com\/#\/schema\/person\/9fa86ca433e66bf106e8f7c0ec93c8b6\",\"name\":\"Atelier Kahn\",\"image\":{\"@type\":\"ImageObject\",\"@id\":\"https:\/\/mjlisboa.com\/#personlogo\",\"inLanguage\":\"en-US\",\"url\":\"https:\/\/secure.gravatar.com\/avatar\/cbbe8b74b3374cde1a8de055a505f7a1?s=96&d=mm&r=g\",\"contentUrl\":\"https:\/\/secure.gravatar.com\/avatar\/cbbe8b74b3374cde1a8de055a505f7a1?s=96&d=mm&r=g\",\"caption\":\"Atelier Kahn\"}}]}<\/script>\n<!-- \/ Yoast SEO plugin. -->","_links":{"self":[{"href":"https:\/\/mjlisboa.com\/en\/wp-json\/wp\/v2\/posts\/16485"}],"collection":[{"href":"https:\/\/mjlisboa.com\/en\/wp-json\/wp\/v2\/posts"}],"about":[{"href":"https:\/\/mjlisboa.com\/en\/wp-json\/wp\/v2\/types\/post"}],"author":[{"embeddable":true,"href":"https:\/\/mjlisboa.com\/en\/wp-json\/wp\/v2\/users\/8"}],"replies":[{"embeddable":true,"href":"https:\/\/mjlisboa.com\/en\/wp-json\/wp\/v2\/comments?post=16485"}],"version-history":[{"count":0,"href":"https:\/\/mjlisboa.com\/en\/wp-json\/wp\/v2\/posts\/16485\/revisions"}],"wp:attachment":[{"href":"https:\/\/mjlisboa.com\/en\/wp-json\/wp\/v2\/media?parent=16485"}],"wp:term":[{"taxonomy":"category","embeddable":true,"href":"https:\/\/mjlisboa.com\/en\/wp-json\/wp\/v2\/categories?post=16485"},{"taxonomy":"post_tag","embeddable":true,"href":"https:\/\/mjlisboa.com\/en\/wp-json\/wp\/v2\/tags?post=16485"}],"curies":[{"name":"wp","href":"https:\/\/api.w.org\/{rel}","templated":true}]}}